{"id":86526,"date":"2026-04-29T08:27:37","date_gmt":"2026-04-29T12:27:37","guid":{"rendered":"https:\/\/mediamonitorbo.com.bo\/?p=21317"},"modified":"2026-04-29T08:27:37","modified_gmt":"2026-04-29T12:27:37","slug":"gobierno-anuncia-reduccion-de-bs-1-000-millones-de-gasto-corriente-para-invertir-en-salud-y-educacion","status":"publish","type":"post","link":"https:\/\/jms.com.bo\/mediamonitor\/2026\/04\/29\/gobierno-anuncia-reduccion-de-bs-1-000-millones-de-gasto-corriente-para-invertir-en-salud-y-educacion\/","title":{"rendered":"Gobierno anuncia reducci\u00f3n de Bs 1.000 millones de gasto corriente para invertir en salud y educaci\u00f3n"},"content":{"rendered":"<p style=\"text-align: justify\">El ministro de Econom\u00eda, Jos\u00e9 Gabriel Espinoza, asegur\u00f3 que el Gobierno nacional plantea un pacto con el ciudadano, bajando el presupuesto de gasto corriente para invertir en la salud y en la educaci\u00f3n con una suma de m\u00e1s de 1.000 millones de bolivianos.<\/p>\n<p style=\"text-align: justify\">\u201cDe los 4.100 millones de bolivianos que nosotros reducimos en gasto corriente, m\u00e1s de 1.000 (millones) van a salud y educaci\u00f3n. Se reduce el gasto corriente del Gobierno Central, pero se incrementa el presupuesto para salud y educaci\u00f3n. No es gasto social es inversi\u00f3n social\u201d, afirm\u00f3 el ministro.<\/p>\n<p style=\"text-align: justify\">Igualmente, asegur\u00f3 que se incrementar\u00e1n 3.000 nuevos \u00edtems para profesores y m\u00e1s de 2.300 nuevos \u00edtems para salud. Asimismo, agregar\u00e1 presupuesto para otros sectores como la Polic\u00eda, seguridad y defensa.<\/p>\n<p style=\"text-align: justify\">\u201cNosotros hacemos el ajuste, nosotros dejamos de gastar en cosas como vi\u00e1ticos, viajes, enviar gente al exterior a gente para cosas que no nos interesa. Llevamos esa plata a salud y educaci\u00f3n, la reducci\u00f3n viene a cargo del Gobierno Central\u201d, apunt\u00f3 en una conferencia de prensa.<\/p>\n<p style=\"text-align: justify\">Espinoza remarc\u00f3 que esta reducci\u00f3n se logra bajando impuestos con la ley de alivio tributario y el Decreto Supremo 5563, que permite el 100% de uso de facturas para los profesionales independientes.<\/p>\n","protected":false},"excerpt":{"rendered":"<p>El ministro de Econom\u00eda, Jos\u00e9 Gabriel Espinoza, asegur\u00f3 que el Gobierno nacional plantea un pacto con el ciudadano, bajando el presupuesto de gasto corriente para invertir en la salud y en la educaci\u00f3n con una suma de m\u00e1s de 1.000 millones de bolivianos. \u201cDe los 4.100 millones de bolivianos que nosotros reducimos en gasto corriente, [&hellip;]<\/p>\n","protected":false},"author":1,"featured_media":86527,"comment_status":"closed","ping_status":"open","sticky":false,"template":"","format":"standard","meta":{"footnotes":""},"categories":[25],"tags":[],"class_list":{"0":"post-86526","1":"post","2":"type-post","3":"status-publish","4":"format-standard","5":"has-post-thumbnail","7":"category-economia"},"_links":{"self":[{"href":"https:\/\/jms.com.bo\/mediamonitor\/wp-json\/wp\/v2\/posts\/86526","targetHints":{"allow":["GET"]}}],"collection":[{"href":"https:\/\/jms.com.bo\/mediamonitor\/wp-json\/wp\/v2\/posts"}],"about":[{"href":"https:\/\/jms.com.bo\/mediamonitor\/wp-json\/wp\/v2\/types\/post"}],"author":[{"embeddable":true,"href":"https:\/\/jms.com.bo\/mediamonitor\/wp-json\/wp\/v2\/users\/1"}],"replies":[{"embeddable":true,"href":"https:\/\/jms.com.bo\/mediamonitor\/wp-json\/wp\/v2\/comments?post=86526"}],"version-history":[{"count":0,"href":"https:\/\/jms.com.bo\/mediamonitor\/wp-json\/wp\/v2\/posts\/86526\/revisions"}],"wp:featuredmedia":[{"embeddable":true,"href":"https:\/\/jms.com.bo\/mediamonitor\/wp-json\/wp\/v2\/media\/86527"}],"wp:attachment":[{"href":"https:\/\/jms.com.bo\/mediamonitor\/wp-json\/wp\/v2\/media?parent=86526"}],"wp:term":[{"taxonomy":"category","embeddable":true,"href":"https:\/\/jms.com.bo\/mediamonitor\/wp-json\/wp\/v2\/categories?post=86526"},{"taxonomy":"post_tag","embeddable":true,"href":"https:\/\/jms.com.bo\/mediamonitor\/wp-json\/wp\/v2\/tags?post=86526"}],"curies":[{"name":"wp","href":"https:\/\/api.w.org\/{rel}","templated":true}]}}