{"id":86528,"date":"2026-04-29T08:28:46","date_gmt":"2026-04-29T12:28:46","guid":{"rendered":"https:\/\/mediamonitorbo.com.bo\/?p=21320"},"modified":"2026-04-29T08:28:46","modified_gmt":"2026-04-29T12:28:46","slug":"el-dolar-paralelo-supera-los-bs-10-mientras-el-gobierno-proyecta-una-caida-del-tipo-de-cambio","status":"publish","type":"post","link":"https:\/\/jms.com.bo\/mediamonitor\/2026\/04\/29\/el-dolar-paralelo-supera-los-bs-10-mientras-el-gobierno-proyecta-una-caida-del-tipo-de-cambio\/","title":{"rendered":"El d\u00f3lar paralelo supera los Bs 10 mientras el Gobierno proyecta una ca\u00edda del tipo de cambio"},"content":{"rendered":"<p style=\"text-align: justify\">El d\u00f3lar paralelo en Bolivia vuelve a marcar una tendencia al alza y este martes super\u00f3 nuevamente la barrera de los Bs 10, alcanzando niveles de Bs 10,05 para la compra y Bs 10,04 para la venta en plataformas digitales y mercados informales. El repunte refleja la persistente presi\u00f3n sobre la divisa estadounidense en medio de una econom\u00eda que a\u00fan enfrenta escasez de d\u00f3lares.<\/p>\n<p style=\"text-align: justify\">El incremento se da en un contexto de alta demanda de divisas fuera del sistema financiero formal, lo que empuja a importadores, comerciantes y ciudadanos a recurrir al mercado paralelo, donde el tipo de cambio responde directamente a la oferta y la demanda. Esta din\u00e1mica ampl\u00eda la brecha frente al tipo de cambio oficial, fijado en Bs 6,96 y la del referencial 9,72 para la venta<\/p>\n<p style=\"text-align: justify\">Pese a este escenario, el ministro de Econom\u00eda, Jos\u00e9 Gabriel Espinoza, llam\u00f3 a la calma y defendi\u00f3 la estabilidad del tipo de cambio. La autoridad sostuvo que las fluctuaciones son normales y no reflejan un deterioro estructural. \u201cEs normal que a veces suba un poquito y a veces baje un poquito\u201d, afirm\u00f3, al tiempo de recomendar no sobredimensionar las variaciones diarias.<\/p>\n<p style=\"text-align: justify\">En la misma l\u00ednea, Espinoza asegur\u00f3 que el d\u00f3lar se mantiene en un rango estable si se analiza en promedios y no en movimientos puntuales, e insisti\u00f3 en que no hay motivos para generar alarma en la poblaci\u00f3n.<\/p>\n<p style=\"text-align: justify\">\u201cEl d\u00f3lar se est\u00e1 moviendo, y eso es normal en cualquier econom\u00eda. Lo importante es que hoy est\u00e1 en un rango relativamente estable y \u00f3ptimo\u201d, afirm\u00f3.<\/p>\n<p style=\"text-align: justify\">Adem\u00e1s, el ministro proyect\u00f3 que la cotizaci\u00f3n tender\u00e1 a bajar en el mediano plazo, apoyada en factores como una mejora en la oferta de divisas y medidas orientadas a ordenar el mercado cambiario. Incluso, el Gobierno mantiene como objetivo avanzar hacia un sistema con un solo tipo de cambio, lo que \u2014seg\u00fan la autoridad\u2014 contribuir\u00eda a reducir distorsiones.<\/p>\n<p style=\"text-align: justify\">Sin embargo, mientras estas previsiones oficiales apuntan a una estabilizaci\u00f3n, en la pr\u00e1ctica el d\u00f3lar paralelo contin\u00faa mostrando volatilidad, impactando en los precios de productos importados y alimentando presiones inflacionarias en la econom\u00eda cotidiana.<\/p>\n","protected":false},"excerpt":{"rendered":"<p>El d\u00f3lar paralelo en Bolivia vuelve a marcar una tendencia al alza y este martes super\u00f3 nuevamente la barrera de los Bs 10, alcanzando niveles de Bs 10,05 para la compra y Bs 10,04 para la venta en plataformas digitales y mercados informales. El repunte refleja la persistente presi\u00f3n sobre la divisa estadounidense en medio [&hellip;]<\/p>\n","protected":false},"author":1,"featured_media":86529,"comment_status":"closed","ping_status":"open","sticky":false,"template":"","format":"standard","meta":{"footnotes":""},"categories":[25],"tags":[],"class_list":{"0":"post-86528","1":"post","2":"type-post","3":"status-publish","4":"format-standard","5":"has-post-thumbnail","7":"category-economia"},"_links":{"self":[{"href":"https:\/\/jms.com.bo\/mediamonitor\/wp-json\/wp\/v2\/posts\/86528","targetHints":{"allow":["GET"]}}],"collection":[{"href":"https:\/\/jms.com.bo\/mediamonitor\/wp-json\/wp\/v2\/posts"}],"about":[{"href":"https:\/\/jms.com.bo\/mediamonitor\/wp-json\/wp\/v2\/types\/post"}],"author":[{"embeddable":true,"href":"https:\/\/jms.com.bo\/mediamonitor\/wp-json\/wp\/v2\/users\/1"}],"replies":[{"embeddable":true,"href":"https:\/\/jms.com.bo\/mediamonitor\/wp-json\/wp\/v2\/comments?post=86528"}],"version-history":[{"count":0,"href":"https:\/\/jms.com.bo\/mediamonitor\/wp-json\/wp\/v2\/posts\/86528\/revisions"}],"wp:featuredmedia":[{"embeddable":true,"href":"https:\/\/jms.com.bo\/mediamonitor\/wp-json\/wp\/v2\/media\/86529"}],"wp:attachment":[{"href":"https:\/\/jms.com.bo\/mediamonitor\/wp-json\/wp\/v2\/media?parent=86528"}],"wp:term":[{"taxonomy":"category","embeddable":true,"href":"https:\/\/jms.com.bo\/mediamonitor\/wp-json\/wp\/v2\/categories?post=86528"},{"taxonomy":"post_tag","embeddable":true,"href":"https:\/\/jms.com.bo\/mediamonitor\/wp-json\/wp\/v2\/tags?post=86528"}],"curies":[{"name":"wp","href":"https:\/\/api.w.org\/{rel}","templated":true}]}}