{"id":86536,"date":"2026-04-29T08:37:47","date_gmt":"2026-04-29T12:37:47","guid":{"rendered":"https:\/\/mediamonitorbo.com.bo\/?p=21332"},"modified":"2026-04-29T08:37:47","modified_gmt":"2026-04-29T12:37:47","slug":"preocupacion-en-carapari-por-escasez-de-gas-vehicular","status":"publish","type":"post","link":"https:\/\/jms.com.bo\/mediamonitor\/2026\/04\/29\/preocupacion-en-carapari-por-escasez-de-gas-vehicular\/","title":{"rendered":"Preocupaci\u00f3n en Carapar\u00ed por escasez de gas vehicular"},"content":{"rendered":"<p style=\"text-align: justify\">En el municipio de Carapar\u00ed, donde se halla San Alberto, uno de los campos de gas natural m\u00e1s importantes de Bolivia, hay escasez de GNV.<\/p>\n<p style=\"text-align: justify\">El presidente de la Asociaci\u00f3n de Transportistas Unificados \u201c12 de Octubre\u201d de Carapar\u00ed, Cirilo Ascuy, expres\u00f3 su preocupaci\u00f3n ante la falta de gas natural vehicular (GNV) en la estaci\u00f3n de servicio del municipio, situaci\u00f3n que ya se prolonga por al menos tres a cuatro d\u00edas y que afecta directamente al sector del transporte y a la poblaci\u00f3n usuaria.<\/p>\n<p style=\"text-align: justify\">Ascuy se\u00f1al\u00f3 que la escasez ha generado malestar tanto en los transportistas como en los pasajeros, debido a la reducci\u00f3n de veh\u00edculos disponibles en las paradas. \u201cNuestros colegas est\u00e1n muy molestos, incluso los usuarios, porque no hay movilidad suficiente para cubrir la demanda\u201d, indic\u00f3 a Aguarag\u00fce Informa.<\/p>\n<p style=\"text-align: justify\">El dirigente explic\u00f3 que el uso de gasolina como alternativa no resulta viable para el sector, debido al incremento en su precio, lo que reduce significativamente las ganancias. \u201cSi trabajamos a gasolina pr\u00e1cticamente no ganamos nada, por eso muchos compa\u00f1eros han dejado de salir a trabajar\u201d, afirm\u00f3.<\/p>\n<p style=\"text-align: justify\">Ante esta situaci\u00f3n, el sector del transporte ha decidido autoconvocarse a una reuni\u00f3n en las pr\u00f3ximas horas, en la que participar\u00e1n dirigentes y representantes del Comit\u00e9 C\u00edvico de Carapar\u00ed, con el objetivo de analizar el problema y asumir medidas. Asimismo, se prev\u00e9 solicitar una audiencia con el administrador del surtidor para obtener informaci\u00f3n clara sobre las causas del desabastecimiento de este energ\u00e9tico.<\/p>\n<p style=\"text-align: justify\">Ascuy tambi\u00e9n cuestion\u00f3 la falta de informaci\u00f3n por parte de los responsables de la estaci\u00f3n de servicio. \u201cExiste un responsable que debe informarnos qu\u00e9 est\u00e1 pasando, pero no lo hace. Eso para nosotros est\u00e1 totalmente mal\u201d, sostuvo.<\/p>\n<p style=\"text-align: justify\">Finalmente, el dirigente indic\u00f3 que la problem\u00e1tica no solo afecta al sector transporte, sino tambi\u00e9n a la poblaci\u00f3n en general, que depende del servicio para trasladarse a distintos puntos del municipio. La reuni\u00f3n anunciada buscar\u00e1 definir acciones concretas frente a esta situaci\u00f3n que genera creciente preocupaci\u00f3n en Carapar\u00ed.<\/p>\n","protected":false},"excerpt":{"rendered":"<p>En el municipio de Carapar\u00ed, donde se halla San Alberto, uno de los campos de gas natural m\u00e1s importantes de Bolivia, hay escasez de GNV. El presidente de la Asociaci\u00f3n de Transportistas Unificados \u201c12 de Octubre\u201d de Carapar\u00ed, Cirilo Ascuy, expres\u00f3 su preocupaci\u00f3n ante la falta de gas natural vehicular (GNV) en la estaci\u00f3n de [&hellip;]<\/p>\n","protected":false},"author":1,"featured_media":86537,"comment_status":"closed","ping_status":"open","sticky":false,"template":"","format":"standard","meta":{"footnotes":""},"categories":[40,23],"tags":[],"class_list":{"0":"post-86536","1":"post","2":"type-post","3":"status-publish","4":"format-standard","5":"has-post-thumbnail","7":"category-bolivia","8":"category-hidrocarburos"},"_links":{"self":[{"href":"https:\/\/jms.com.bo\/mediamonitor\/wp-json\/wp\/v2\/posts\/86536","targetHints":{"allow":["GET"]}}],"collection":[{"href":"https:\/\/jms.com.bo\/mediamonitor\/wp-json\/wp\/v2\/posts"}],"about":[{"href":"https:\/\/jms.com.bo\/mediamonitor\/wp-json\/wp\/v2\/types\/post"}],"author":[{"embeddable":true,"href":"https:\/\/jms.com.bo\/mediamonitor\/wp-json\/wp\/v2\/users\/1"}],"replies":[{"embeddable":true,"href":"https:\/\/jms.com.bo\/mediamonitor\/wp-json\/wp\/v2\/comments?post=86536"}],"version-history":[{"count":0,"href":"https:\/\/jms.com.bo\/mediamonitor\/wp-json\/wp\/v2\/posts\/86536\/revisions"}],"wp:featuredmedia":[{"embeddable":true,"href":"https:\/\/jms.com.bo\/mediamonitor\/wp-json\/wp\/v2\/media\/86537"}],"wp:attachment":[{"href":"https:\/\/jms.com.bo\/mediamonitor\/wp-json\/wp\/v2\/media?parent=86536"}],"wp:term":[{"taxonomy":"category","embeddable":true,"href":"https:\/\/jms.com.bo\/mediamonitor\/wp-json\/wp\/v2\/categories?post=86536"},{"taxonomy":"post_tag","embeddable":true,"href":"https:\/\/jms.com.bo\/mediamonitor\/wp-json\/wp\/v2\/tags?post=86536"}],"curies":[{"name":"wp","href":"https:\/\/api.w.org\/{rel}","templated":true}]}}