{"id":86540,"date":"2026-04-29T08:41:29","date_gmt":"2026-04-29T12:41:29","guid":{"rendered":"https:\/\/mediamonitorbo.com.bo\/?p=21338"},"modified":"2026-04-29T08:41:29","modified_gmt":"2026-04-29T12:41:29","slug":"yacimientos-devela-los-5-pilares-para-transformar-la-estatal","status":"publish","type":"post","link":"https:\/\/jms.com.bo\/mediamonitor\/2026\/04\/29\/yacimientos-devela-los-5-pilares-para-transformar-la-estatal\/","title":{"rendered":"Yacimientos devela los 5 pilares para transformar la estatal"},"content":{"rendered":"<p style=\"text-align: justify\">El presidente ejecutivo de Yacimientos Petrol\u00edferos Fiscales Bolivianos (YPFB), Sebasti\u00e1n Daroca, present\u00f3 los cinco pilares que guiar\u00e1n su gesti\u00f3n, centrados en una reestructuraci\u00f3n integral de la empresa, evaluaci\u00f3n del personal y una pol\u00edtica de tolerancia cero a la corrupci\u00f3n.<\/p>\n<p style=\"text-align: justify\">El anuncio fue realizado junto al ministro de Hidrocarburos, Marcelo Blanco; el titular de la cartera de Obras P\u00fablicas, Mauricio Zamora; y representantes del sector petrolero.<\/p>\n<p style=\"text-align: justify\">Daroca explic\u00f3 que su administraci\u00f3n apunta a encarar una \u201cnueva era\u201d en la estatal, con medidas inmediatas orientadas a recuperar eficiencia, transparencia y capacidad operativa.<\/p>\n<p style=\"text-align: justify\">Revise tambi\u00e9n: YPFB denuncia lujos en instalaciones y anuncia investigaci\u00f3n por uso de recursos<\/p>\n<p style=\"text-align: justify\">Como primera medida, anunci\u00f3 una evaluaci\u00f3n integral de todos los trabajadores, desde la alta gerencia hasta niveles operativos, bajo criterios t\u00e9cnicos y meritocr\u00e1ticos. En ese marco, instruy\u00f3 que vicepresidentes, gerentes y directores pongan sus cargos a disposici\u00f3n. El proceso tendr\u00e1 una duraci\u00f3n estimada de entre 15 y 20 d\u00edas h\u00e1biles.<\/p>\n<p style=\"text-align: justify\">Reestructuraci\u00f3n con apoyo internacional<\/p>\n<p style=\"text-align: justify\">El plan contempla una reforma profunda de la empresa con asistencia t\u00e9cnica internacional. Ya se iniciaron gestiones para contratar especialistas que acompa\u00f1en este proceso, en l\u00ednea con la futura Ley de Hidrocarburos, que buscar\u00e1 reactivar el potencial energ\u00e9tico del pa\u00eds y atraer inversiones.<\/p>\n<p style=\"text-align: justify\">Coordinaci\u00f3n institucional<\/p>\n<p style=\"text-align: justify\">Daroca tambi\u00e9n plante\u00f3 fortalecer la articulaci\u00f3n entre YPFB, los ministerios del \u00e1rea y el \u00d3rgano Legislativo, con el objetivo de enfrentar de manera conjunta los desaf\u00edos estructurales del sector.<\/p>\n<p style=\"text-align: justify\">Lucha frontal contra la corrupci\u00f3n<\/p>\n<p style=\"text-align: justify\">Otro eje central ser\u00e1 la implementaci\u00f3n de mecanismos de transparencia y control. \u201cTenemos un mandato muy fuerte para que YPFB sea una empresa en la cual los bolivianos puedan confiar\u201d, afirm\u00f3.<\/p>\n<p style=\"text-align: justify\">Austeridad y prioridades estrat\u00e9gicas<\/p>\n<p style=\"text-align: justify\">El presidente de la estatal subray\u00f3 que se reorientar\u00e1n los recursos hacia \u00e1reas cr\u00edticas como la distribuci\u00f3n y el control de calidad de combustibles. En ese contexto, cuestion\u00f3 los gastos en infraestructura de lujo detectados en instalaciones de la empresa, se\u00f1alando que esos recursos debieron destinarse a fortalecer capacidades operativas.<\/p>\n<p style=\"text-align: justify\">Por su parte, el ministro Marcelo Blanco respald\u00f3 la nueva gesti\u00f3n y asegur\u00f3 que el Gobierno apunta a recuperar el rol productivo de la estatal.<br \/>\n\u201cLa intenci\u00f3n es que Yacimientos vuelva a ser una empresa competitiva. No se permitir\u00e1 la corrupci\u00f3n y quienes hayan tenido responsabilidad en problemas como el de la gasolina deber\u00e1n responder ante la ley\u201d, enfatiz\u00f3.<\/p>\n<p style=\"text-align: justify\">La nueva administraci\u00f3n de YPFB inicia as\u00ed una etapa marcada por reformas internas y expectativas de reactivaci\u00f3n del sector hidrocarbur\u00edfero.<\/p>\n","protected":false},"excerpt":{"rendered":"<p>El presidente ejecutivo de Yacimientos Petrol\u00edferos Fiscales Bolivianos (YPFB), Sebasti\u00e1n Daroca, present\u00f3 los cinco pilares que guiar\u00e1n su gesti\u00f3n, centrados en una reestructuraci\u00f3n integral de la empresa, evaluaci\u00f3n del personal y una pol\u00edtica de tolerancia cero a la corrupci\u00f3n. El anuncio fue realizado junto al ministro de Hidrocarburos, Marcelo Blanco; el titular de la cartera [&hellip;]<\/p>\n","protected":false},"author":1,"featured_media":86541,"comment_status":"closed","ping_status":"open","sticky":false,"template":"","format":"standard","meta":{"footnotes":""},"categories":[40,23,48,43],"tags":[],"class_list":{"0":"post-86540","1":"post","2":"type-post","3":"status-publish","4":"format-standard","5":"has-post-thumbnail","7":"category-bolivia","8":"category-hidrocarburos","9":"category-portada-general-sitio","10":"category-portada-oil-gas"},"_links":{"self":[{"href":"https:\/\/jms.com.bo\/mediamonitor\/wp-json\/wp\/v2\/posts\/86540","targetHints":{"allow":["GET"]}}],"collection":[{"href":"https:\/\/jms.com.bo\/mediamonitor\/wp-json\/wp\/v2\/posts"}],"about":[{"href":"https:\/\/jms.com.bo\/mediamonitor\/wp-json\/wp\/v2\/types\/post"}],"author":[{"embeddable":true,"href":"https:\/\/jms.com.bo\/mediamonitor\/wp-json\/wp\/v2\/users\/1"}],"replies":[{"embeddable":true,"href":"https:\/\/jms.com.bo\/mediamonitor\/wp-json\/wp\/v2\/comments?post=86540"}],"version-history":[{"count":0,"href":"https:\/\/jms.com.bo\/mediamonitor\/wp-json\/wp\/v2\/posts\/86540\/revisions"}],"wp:featuredmedia":[{"embeddable":true,"href":"https:\/\/jms.com.bo\/mediamonitor\/wp-json\/wp\/v2\/media\/86541"}],"wp:attachment":[{"href":"https:\/\/jms.com.bo\/mediamonitor\/wp-json\/wp\/v2\/media?parent=86540"}],"wp:term":[{"taxonomy":"category","embeddable":true,"href":"https:\/\/jms.com.bo\/mediamonitor\/wp-json\/wp\/v2\/categories?post=86540"},{"taxonomy":"post_tag","embeddable":true,"href":"https:\/\/jms.com.bo\/mediamonitor\/wp-json\/wp\/v2\/tags?post=86540"}],"curies":[{"name":"wp","href":"https:\/\/api.w.org\/{rel}","templated":true}]}}