{"id":86542,"date":"2026-04-30T07:35:55","date_gmt":"2026-04-30T11:35:55","guid":{"rendered":"https:\/\/mediamonitorbo.com.bo\/?p=21345"},"modified":"2026-04-30T07:35:55","modified_gmt":"2026-04-30T11:35:55","slug":"presentan-plan-nacional-de-salud-2026-2030-con-enfasis-en-digitalizacion-y-atencion","status":"publish","type":"post","link":"https:\/\/jms.com.bo\/mediamonitor\/2026\/04\/30\/presentan-plan-nacional-de-salud-2026-2030-con-enfasis-en-digitalizacion-y-atencion\/","title":{"rendered":"Presentan Plan Nacional de Salud 2026-2030 con \u00e9nfasis en digitalizaci\u00f3n y atenci\u00f3n"},"content":{"rendered":"<p style=\"text-align: justify\">El Ministerio de Salud y Deportes present\u00f3 este mi\u00e9rcoles el Plan Nacional de Salud (PNS) 2026-2030, una estrategia orientada a la gesti\u00f3n por resultados, con \u00e9nfasis en la digitalizaci\u00f3n, la transparencia y la atenci\u00f3n directa a la poblaci\u00f3n.<\/p>\n<p style=\"text-align: justify\">Durante el acto, la ministra del \u00e1rea, junto al equipo t\u00e9cnico, present\u00f3 los lineamientos del plan y el diagn\u00f3stico sectorial elaborado en noviembre de 2025, que contempla la situaci\u00f3n epidemiol\u00f3gica, el estado de las redes de servicios de salud, el desempe\u00f1o de los programas, as\u00ed como las limitaciones en recursos humanos y financieros.<\/p>\n<p style=\"text-align: justify\">El documento se\u00f1ala que Bolivia, con una poblaci\u00f3n de 11,3 millones de habitantes, atraviesa un proceso de transici\u00f3n demogr\u00e1fica hacia el envejecimiento, lo que ha incrementado la presencia de enfermedades cr\u00f3nicas como diabetes, hipertensi\u00f3n y c\u00e1ncer, que representan el 73% de los decesos en el pa\u00eds.<\/p>\n<p style=\"text-align: justify\">Asimismo, el diagn\u00f3stico identifica brechas en el sistema de salud, entre ellas el d\u00e9ficit de personal m\u00e9dico, con 14 m\u00e9dicos por cada 10.000 habitantes frente a los 25 recomendados por la Organizaci\u00f3n Mundial de la Salud; la baja ocupaci\u00f3n de hospitales de segundo nivel, que alcanza el 46%; y el gasto de bolsillo de las familias, que llega hasta el 30%.<\/p>\n<p style=\"text-align: justify\">El plan establece como ejes la transformaci\u00f3n digital mediante la implementaci\u00f3n de la historia cl\u00ednica electr\u00f3nica \u00fanica y servicios de telemedicina; el fortalecimiento de la rector\u00eda del sistema de salud; y el fortalecimiento del primer nivel de atenci\u00f3n con mayor capacidad resolutiva.<\/p>\n<p style=\"text-align: justify\">Tambi\u00e9n contempla la implementaci\u00f3n de una carrera sanitaria basada en meritocracia y un modelo de corresponsabilidad entre el nivel central y las entidades territoriales.<\/p>\n<p style=\"text-align: justify\">Entre los objetivos, el PNS prioriza la reducci\u00f3n de la mortalidad materna e infantil y el control de enfermedades transmisibles como el dengue y el Chagas, adem\u00e1s de virus emergentes. Asimismo, prev\u00e9 la elaboraci\u00f3n de una nueva Ley General de Salud para fortalecer la regulaci\u00f3n del sistema y garantizar su sostenibilidad financiera.<\/p>\n<p style=\"text-align: justify\">En la presentaci\u00f3n participaron representantes de organismos internacionales como la Organizaci\u00f3n Mundial de la Salud\/Organizaci\u00f3n Panamericana de la Salud (OMS\/OPS), el Fondo de Poblaci\u00f3n de las Naciones Unidas (UNFPA) y el Banco Mundial, adem\u00e1s de representantes de cajas de salud, el Colegio M\u00e9dico de Bolivia y otras instituciones del sector.<\/p>\n<p style=\"text-align: justify\">El Ministerio de Salud y Deportes se\u00f1al\u00f3 que el plan busca consolidar un sistema de salud con mayor acceso, eficiencia y orientaci\u00f3n al paciente.<\/p>\n","protected":false},"excerpt":{"rendered":"<p>El Ministerio de Salud y Deportes present\u00f3 este mi\u00e9rcoles el Plan Nacional de Salud (PNS) 2026-2030, una estrategia orientada a la gesti\u00f3n por resultados, con \u00e9nfasis en la digitalizaci\u00f3n, la transparencia y la atenci\u00f3n directa a la poblaci\u00f3n. Durante el acto, la ministra del \u00e1rea, junto al equipo t\u00e9cnico, present\u00f3 los lineamientos del plan y [&hellip;]<\/p>\n","protected":false},"author":1,"featured_media":86543,"comment_status":"closed","ping_status":"open","sticky":false,"template":"","format":"standard","meta":{"footnotes":""},"categories":[53],"tags":[],"class_list":{"0":"post-86542","1":"post","2":"type-post","3":"status-publish","4":"format-standard","5":"has-post-thumbnail","7":"category-salud"},"_links":{"self":[{"href":"https:\/\/jms.com.bo\/mediamonitor\/wp-json\/wp\/v2\/posts\/86542","targetHints":{"allow":["GET"]}}],"collection":[{"href":"https:\/\/jms.com.bo\/mediamonitor\/wp-json\/wp\/v2\/posts"}],"about":[{"href":"https:\/\/jms.com.bo\/mediamonitor\/wp-json\/wp\/v2\/types\/post"}],"author":[{"embeddable":true,"href":"https:\/\/jms.com.bo\/mediamonitor\/wp-json\/wp\/v2\/users\/1"}],"replies":[{"embeddable":true,"href":"https:\/\/jms.com.bo\/mediamonitor\/wp-json\/wp\/v2\/comments?post=86542"}],"version-history":[{"count":0,"href":"https:\/\/jms.com.bo\/mediamonitor\/wp-json\/wp\/v2\/posts\/86542\/revisions"}],"wp:featuredmedia":[{"embeddable":true,"href":"https:\/\/jms.com.bo\/mediamonitor\/wp-json\/wp\/v2\/media\/86543"}],"wp:attachment":[{"href":"https:\/\/jms.com.bo\/mediamonitor\/wp-json\/wp\/v2\/media?parent=86542"}],"wp:term":[{"taxonomy":"category","embeddable":true,"href":"https:\/\/jms.com.bo\/mediamonitor\/wp-json\/wp\/v2\/categories?post=86542"},{"taxonomy":"post_tag","embeddable":true,"href":"https:\/\/jms.com.bo\/mediamonitor\/wp-json\/wp\/v2\/tags?post=86542"}],"curies":[{"name":"wp","href":"https:\/\/api.w.org\/{rel}","templated":true}]}}