{"id":86544,"date":"2026-04-30T07:40:35","date_gmt":"2026-04-30T11:40:35","guid":{"rendered":"https:\/\/mediamonitorbo.com.bo\/?p=21348"},"modified":"2026-04-30T07:40:35","modified_gmt":"2026-04-30T11:40:35","slug":"productores-de-azucar-de-bermejo-denuncian-presunta-falsificacion-en-venta-de-quintales-de-azucar-en-tarija","status":"publish","type":"post","link":"https:\/\/jms.com.bo\/mediamonitor\/2026\/04\/30\/productores-de-azucar-de-bermejo-denuncian-presunta-falsificacion-en-venta-de-quintales-de-azucar-en-tarija\/","title":{"rendered":"Productores de az\u00facar de Bermejo denuncian presunta falsificaci\u00f3n en venta de quintales de az\u00facar en Tarija"},"content":{"rendered":"<p style=\"text-align: justify\">Como representante de los productores de az\u00facar de Bermejo, Gumercindo Condori, realiz\u00f3 una denuncia p\u00fablica para alertar a la poblaci\u00f3n sobre la posible comercializaci\u00f3n de az\u00facar que no corresponde a la producci\u00f3n local, se\u00f1alando diferencias en las caracter\u00edsticas del producto y en las fechas de vencimiento.<\/p>\n<p style=\"text-align: justify\">\u201cHemos venido a hacer la denuncia p\u00fablica para que la poblaci\u00f3n conozca y sepa qu\u00e9 az\u00facar est\u00e1 comprando; el az\u00facar de nuestra producci\u00f3n, digamos de Bermejo, es az\u00facar blanca y no es polvorienta, y la az\u00facar cruda que tenemos es granulada; y los envases oficiales est\u00e1n con fecha de vencimiento con diciembre de 2026\u201d, explic\u00f3.<\/p>\n<p style=\"text-align: justify\">En ese sentido, advirti\u00f3 que en los mercados se estar\u00edan ofreciendo productos con fechas distintas a las que maneja la producci\u00f3n local.<\/p>\n<p style=\"text-align: justify\">\u201cUsted va al mercado, usted ve envases con fecha de vencimiento para 2027\u201d, afirm\u00f3.<\/p>\n<p style=\"text-align: justify\">Condori pidi\u00f3 a la poblaci\u00f3n colaborar en el control de estos productos.<\/p>\n<p style=\"text-align: justify\">\u201cPedimos a toda la poblaci\u00f3n que ayuden a controlar, que no pueden hacer ese enga\u00f1o, porque falsificar esas cosas es un delito; pensamos que este producto es de otra industria o de contrabando\u201d, manifest\u00f3.<\/p>\n<p style=\"text-align: justify\">Asimismo, inform\u00f3 sobre el precio establecido por los productores para la comercializaci\u00f3n del az\u00facar, indicando diferencias con los valores que se registran en otros mercados.<\/p>\n<p style=\"text-align: justify\">\u201cEl precio del quintal de az\u00facar lo hemos fijado en doscientos veinticinco, aqu\u00ed en Tarija, y en otros lugares est\u00e1 entre doscientos sesenta y doscientos setenta.<\/p>\n","protected":false},"excerpt":{"rendered":"<p>Como representante de los productores de az\u00facar de Bermejo, Gumercindo Condori, realiz\u00f3 una denuncia p\u00fablica para alertar a la poblaci\u00f3n sobre la posible comercializaci\u00f3n de az\u00facar que no corresponde a la producci\u00f3n local, se\u00f1alando diferencias en las caracter\u00edsticas del producto y en las fechas de vencimiento. \u201cHemos venido a hacer la denuncia p\u00fablica para que [&hellip;]<\/p>\n","protected":false},"author":1,"featured_media":86545,"comment_status":"closed","ping_status":"open","sticky":false,"template":"","format":"standard","meta":{"footnotes":""},"categories":[57],"tags":[],"class_list":{"0":"post-86544","1":"post","2":"type-post","3":"status-publish","4":"format-standard","5":"has-post-thumbnail","7":"category-alimentos-y-agroindustria"},"_links":{"self":[{"href":"https:\/\/jms.com.bo\/mediamonitor\/wp-json\/wp\/v2\/posts\/86544","targetHints":{"allow":["GET"]}}],"collection":[{"href":"https:\/\/jms.com.bo\/mediamonitor\/wp-json\/wp\/v2\/posts"}],"about":[{"href":"https:\/\/jms.com.bo\/mediamonitor\/wp-json\/wp\/v2\/types\/post"}],"author":[{"embeddable":true,"href":"https:\/\/jms.com.bo\/mediamonitor\/wp-json\/wp\/v2\/users\/1"}],"replies":[{"embeddable":true,"href":"https:\/\/jms.com.bo\/mediamonitor\/wp-json\/wp\/v2\/comments?post=86544"}],"version-history":[{"count":0,"href":"https:\/\/jms.com.bo\/mediamonitor\/wp-json\/wp\/v2\/posts\/86544\/revisions"}],"wp:featuredmedia":[{"embeddable":true,"href":"https:\/\/jms.com.bo\/mediamonitor\/wp-json\/wp\/v2\/media\/86545"}],"wp:attachment":[{"href":"https:\/\/jms.com.bo\/mediamonitor\/wp-json\/wp\/v2\/media?parent=86544"}],"wp:term":[{"taxonomy":"category","embeddable":true,"href":"https:\/\/jms.com.bo\/mediamonitor\/wp-json\/wp\/v2\/categories?post=86544"},{"taxonomy":"post_tag","embeddable":true,"href":"https:\/\/jms.com.bo\/mediamonitor\/wp-json\/wp\/v2\/tags?post=86544"}],"curies":[{"name":"wp","href":"https:\/\/api.w.org\/{rel}","templated":true}]}}