{"id":86546,"date":"2026-04-30T07:42:15","date_gmt":"2026-04-30T11:42:15","guid":{"rendered":"https:\/\/mediamonitorbo.com.bo\/?p=21351"},"modified":"2026-04-30T07:42:15","modified_gmt":"2026-04-30T11:42:15","slug":"gobierno-impulsa-mayor-consumo-de-leche-poco-despues-de-desregular-su-precio","status":"publish","type":"post","link":"https:\/\/jms.com.bo\/mediamonitor\/2026\/04\/30\/gobierno-impulsa-mayor-consumo-de-leche-poco-despues-de-desregular-su-precio\/","title":{"rendered":"Gobierno impulsa mayor consumo de leche, poco despu\u00e9s de desregular su precio"},"content":{"rendered":"<p style=\"text-align: justify\">D\u00edas despu\u00e9s de desregular el precio de la leche y generar un incremento de precios del producto y de sus derivados en el mercado, el gobierno anuncia el lanzamiento de un programa de incentivo del consumo de l\u00e1cteos.<\/p>\n<p style=\"text-align: justify\">Jos\u00e9 Hurtado, director de Pro-Bolivia, inform\u00f3 que se lanzar\u00e1 el programa \u201cMi Bolivia lechera, cuyo objetivo central es aumentar el consumo per c\u00e1pita anual de leche de 69 litros a 100 litros. a la vez de fortalecer la industria nacional.<\/p>\n<p style=\"text-align: justify\">\u201cLa leche es el alimento base de la nutrici\u00f3n humana y necesitamos incrementar el consumo\u201d, se\u00f1al\u00f3 Hurtado a ABI y explic\u00f3 que el programa tiene un plazo de 10 a\u00f1os para acercarse a la recomendaci\u00f3n de la Organizaci\u00f3n Mundial de la Salud (OMS), cuyo est\u00e1ndar m\u00ednimo es de 130 litros per c\u00e1pita al a\u00f1o.<\/p>\n<p style=\"text-align: justify\">Pro-Bolivia dise\u00f1\u00f3 un proyecto que toma en cuenta a toda la cadena productiva, empezando por la producci\u00f3n primaria, con \u00e9nfasis en la alimentaci\u00f3n del ganado para mejorar los niveles de producci\u00f3n. Adem\u00e1s, prev\u00e9 la creaci\u00f3n de un seguro para productores lecheros, que permitir\u00e1 cubrir p\u00e9rdidas ocasionadas por eventos clim\u00e1ticos. Seg\u00fan Hurtado, para ello ser\u00e1 necesario implementar un fondo que ser\u00e1 financiado con un \u201caporte proveniente de la importaci\u00f3n de bebidas alcoh\u00f3licas, medida que no representar\u00e1 un incremento en los precios para la poblaci\u00f3n\u201d.<\/p>\n<p style=\"text-align: justify\">Aumento de precios<\/p>\n<p style=\"text-align: justify\">Esta iniciativa se da justo cuando el litro de leche subi\u00f3 a Bs 9 luego de la decisi\u00f3n del gobierno de revocar una banda de precios que rigi\u00f3 por varios meses.<\/p>\n<p style=\"text-align: justify\">La medida fue establecida mediante una resoluci\u00f3n del Ministerio de Desarrollo Productivo que dej\u00f3 sin efecto la Resoluci\u00f3n Bi-Ministerial 003\/2025 que establec\u00eda l\u00edmites de referencia para la comercializaci\u00f3n.<\/p>\n<p style=\"text-align: justify\">Actualmente los productores lecheros venden el litro en Bs 5,50, un boliviano m\u00e1s del precio anterior. No obstante, seg\u00fan diversos reportes en medios, el litro de leche se elev\u00f3 m\u00e1s de ese rango (hasta Bs 9) y los derivados tambi\u00e9n: el kilo de queso llega a costar Bs 55, y antes val\u00eda m\u00e1ximo Bs 48.<\/p>\n","protected":false},"excerpt":{"rendered":"<p>D\u00edas despu\u00e9s de desregular el precio de la leche y generar un incremento de precios del producto y de sus derivados en el mercado, el gobierno anuncia el lanzamiento de un programa de incentivo del consumo de l\u00e1cteos. Jos\u00e9 Hurtado, director de Pro-Bolivia, inform\u00f3 que se lanzar\u00e1 el programa \u201cMi Bolivia lechera, cuyo objetivo central [&hellip;]<\/p>\n","protected":false},"author":1,"featured_media":86547,"comment_status":"closed","ping_status":"open","sticky":false,"template":"","format":"standard","meta":{"footnotes":""},"categories":[57],"tags":[],"class_list":{"0":"post-86546","1":"post","2":"type-post","3":"status-publish","4":"format-standard","5":"has-post-thumbnail","7":"category-alimentos-y-agroindustria"},"_links":{"self":[{"href":"https:\/\/jms.com.bo\/mediamonitor\/wp-json\/wp\/v2\/posts\/86546","targetHints":{"allow":["GET"]}}],"collection":[{"href":"https:\/\/jms.com.bo\/mediamonitor\/wp-json\/wp\/v2\/posts"}],"about":[{"href":"https:\/\/jms.com.bo\/mediamonitor\/wp-json\/wp\/v2\/types\/post"}],"author":[{"embeddable":true,"href":"https:\/\/jms.com.bo\/mediamonitor\/wp-json\/wp\/v2\/users\/1"}],"replies":[{"embeddable":true,"href":"https:\/\/jms.com.bo\/mediamonitor\/wp-json\/wp\/v2\/comments?post=86546"}],"version-history":[{"count":0,"href":"https:\/\/jms.com.bo\/mediamonitor\/wp-json\/wp\/v2\/posts\/86546\/revisions"}],"wp:featuredmedia":[{"embeddable":true,"href":"https:\/\/jms.com.bo\/mediamonitor\/wp-json\/wp\/v2\/media\/86547"}],"wp:attachment":[{"href":"https:\/\/jms.com.bo\/mediamonitor\/wp-json\/wp\/v2\/media?parent=86546"}],"wp:term":[{"taxonomy":"category","embeddable":true,"href":"https:\/\/jms.com.bo\/mediamonitor\/wp-json\/wp\/v2\/categories?post=86546"},{"taxonomy":"post_tag","embeddable":true,"href":"https:\/\/jms.com.bo\/mediamonitor\/wp-json\/wp\/v2\/tags?post=86546"}],"curies":[{"name":"wp","href":"https:\/\/api.w.org\/{rel}","templated":true}]}}