{"id":86548,"date":"2026-04-30T07:45:04","date_gmt":"2026-04-30T11:45:04","guid":{"rendered":"https:\/\/mediamonitorbo.com.bo\/?p=21354"},"modified":"2026-04-30T07:45:04","modified_gmt":"2026-04-30T11:45:04","slug":"sectores-productivos-piden-anular-el-ds-5613-advierten-que-vulnera-principios-de-sostenibilidad-ambiental","status":"publish","type":"post","link":"https:\/\/jms.com.bo\/mediamonitor\/2026\/04\/30\/sectores-productivos-piden-anular-el-ds-5613-advierten-que-vulnera-principios-de-sostenibilidad-ambiental\/","title":{"rendered":"Sectores productivos piden anular el DS 5613 advierten que vulnera principios de sostenibilidad ambiental"},"content":{"rendered":"<p style=\"text-align: justify\">Agropecuarios, empresarios y otros sectores que conforman el Comit\u00e9 Multisectorial piden la anulaci\u00f3n inmediata del Decreto Supremo N\u00b0 5613, el cual advierten vulnera los principios fundamentales de seguridad jur\u00eddica y sostenibilidad ambiental.<\/p>\n<p style=\"text-align: justify\">Desde la C\u00e1mara Forestal de Bolivia sostienen la posibilidad de revertir derechos forestales y legitimar ocupaciones de hecho genera un precedente extremadamente peligroso para el ordenamiento territorial y el respeto al Estado de Derecho. Pol\u00edticaBolivia<\/p>\n<p style=\"text-align: justify\">Este tipo de disposiciones no solo afectan la confianza de los inversionistas, sino que adem\u00e1s abren la puerta a un mayor deterioro de \u00e1reas de alto valor ambiental, incentivando cambios de uso de suelo incompatibles con la normativa vigente y comprometiendo el equilibrio ecol\u00f3gico del pa\u00eds.<\/p>\n<p style=\"text-align: justify\">Bolivia ya ha avanzado significativamente en el saneamiento de la tierra. Lo que corresponde ahora es consolidar una pol\u00edtica de Estado post saneamiento, basada en reglas claras, estabilidad jur\u00eddica y visi\u00f3n de largo plazo, no retroceder hacia esquemas que premian la informalidad y la ocupaci\u00f3n ilegal.<\/p>\n<p style=\"text-align: justify\">Ley de reconversi\u00f3n de predios<\/p>\n<p style=\"text-align: justify\">En cuanto a la Ley 1720, esta representa una base fundamental para m\u00e1s del 90% de los productores que operan bajo propiedad individual en Bolivia. Su estabilidad es clave para garantizar producci\u00f3n, inversi\u00f3n y seguridad alimentaria. Cualquier intento de modificarla bajo presi\u00f3n pol\u00edtica generar\u00e1 incertidumbre y paralizaci\u00f3n en el sector productivo.<\/p>\n<p style=\"text-align: justify\">No podemos seguir permitiendo que organizaciones que hist\u00f3ricamente han lucrado con la pobreza contin\u00faen bloqueando el desarrollo del pa\u00eds. Bolivia necesita soluciones reales, no discursos que perpet\u00faan la dependencia y la informalidad. An\u00e1lisispol\u00edtico<\/p>\n<p style=\"text-align: justify\">Se\u00f1or presidente, desde el Comit\u00e9 Multisectorial apoyamos las medias de fondo que se deben tomar y apoyamos su gesti\u00f3n. Sabemos que gobernar implica tomar decisiones pensando en el pa\u00eds en su conjunto, no en grupos minoritarios que ejercen presi\u00f3n para mantener sus privilegios que durante d\u00e9cadas han tenido sin pensar en la realidad de los bolivianos. Hoy m\u00e1s que nunca se requiere de su liderazgo para defender la producci\u00f3n, el empleo y la estabilidad econ\u00f3mica.<\/p>\n<p style=\"text-align: justify\">Instamos con urgencia:<\/p>\n<p style=\"text-align: justify\">Anulaci\u00f3n inmediata del Decreto Supremo N\u00b0 5613<br \/>\nRespeto irrestricto a la Ley 1720<br \/>\nResponsabilidad en la pol\u00edtica salarial, acorde a la realidad econ\u00f3mica<br \/>\nGeneraci\u00f3n de condiciones reales para la inversi\u00f3n y el crecimiento<br \/>\nAsimismo, es imprescindible avanzar de manera urgente en una agenda estructural que reactive la econom\u00eda:<\/p>\n<p style=\"text-align: justify\">Nueva Ley de Inversiones con seguridad jur\u00eddica plena<br \/>\nLey de concesiones modernas<br \/>\nSeguridad sobre la Funci\u00f3n Econ\u00f3mica Social (FES)<br \/>\nLiberaci\u00f3n total de las exportaciones<br \/>\nRegionalizaci\u00f3n y puesta en marcha del programa de conversi\u00f3n de veh\u00edculos a gas.<br \/>\nIVA cero para importaci\u00f3n de bienes de capital<br \/>\nAcceso irrestricto a biotecnolog\u00eda<br \/>\nBolivia necesita producir, exportar y crecer. No hay espacio para decisiones que destruyan lo poco que a\u00fan sostiene nuestra econom\u00eda.<\/p>\n","protected":false},"excerpt":{"rendered":"<p>Agropecuarios, empresarios y otros sectores que conforman el Comit\u00e9 Multisectorial piden la anulaci\u00f3n inmediata del Decreto Supremo N\u00b0 5613, el cual advierten vulnera los principios fundamentales de seguridad jur\u00eddica y sostenibilidad ambiental. Desde la C\u00e1mara Forestal de Bolivia sostienen la posibilidad de revertir derechos forestales y legitimar ocupaciones de hecho genera un precedente extremadamente peligroso [&hellip;]<\/p>\n","protected":false},"author":1,"featured_media":86549,"comment_status":"closed","ping_status":"open","sticky":false,"template":"","format":"standard","meta":{"footnotes":""},"categories":[57],"tags":[],"class_list":{"0":"post-86548","1":"post","2":"type-post","3":"status-publish","4":"format-standard","5":"has-post-thumbnail","7":"category-alimentos-y-agroindustria"},"_links":{"self":[{"href":"https:\/\/jms.com.bo\/mediamonitor\/wp-json\/wp\/v2\/posts\/86548","targetHints":{"allow":["GET"]}}],"collection":[{"href":"https:\/\/jms.com.bo\/mediamonitor\/wp-json\/wp\/v2\/posts"}],"about":[{"href":"https:\/\/jms.com.bo\/mediamonitor\/wp-json\/wp\/v2\/types\/post"}],"author":[{"embeddable":true,"href":"https:\/\/jms.com.bo\/mediamonitor\/wp-json\/wp\/v2\/users\/1"}],"replies":[{"embeddable":true,"href":"https:\/\/jms.com.bo\/mediamonitor\/wp-json\/wp\/v2\/comments?post=86548"}],"version-history":[{"count":0,"href":"https:\/\/jms.com.bo\/mediamonitor\/wp-json\/wp\/v2\/posts\/86548\/revisions"}],"wp:featuredmedia":[{"embeddable":true,"href":"https:\/\/jms.com.bo\/mediamonitor\/wp-json\/wp\/v2\/media\/86549"}],"wp:attachment":[{"href":"https:\/\/jms.com.bo\/mediamonitor\/wp-json\/wp\/v2\/media?parent=86548"}],"wp:term":[{"taxonomy":"category","embeddable":true,"href":"https:\/\/jms.com.bo\/mediamonitor\/wp-json\/wp\/v2\/categories?post=86548"},{"taxonomy":"post_tag","embeddable":true,"href":"https:\/\/jms.com.bo\/mediamonitor\/wp-json\/wp\/v2\/tags?post=86548"}],"curies":[{"name":"wp","href":"https:\/\/api.w.org\/{rel}","templated":true}]}}