{"id":86550,"date":"2026-04-30T07:49:19","date_gmt":"2026-04-30T11:49:19","guid":{"rendered":"https:\/\/mediamonitorbo.com.bo\/?p=21357"},"modified":"2026-04-30T07:49:19","modified_gmt":"2026-04-30T11:49:19","slug":"los-maestros-no-retroceden-y-retoman-la-marcha","status":"publish","type":"post","link":"https:\/\/jms.com.bo\/mediamonitor\/2026\/04\/30\/los-maestros-no-retroceden-y-retoman-la-marcha\/","title":{"rendered":"Los maestros no retroceden y retoman la marcha"},"content":{"rendered":"<p style=\"text-align: justify\">Los maestros han decidido no acudir a la convocatoria al di\u00e1logo luego de que el Gobierno descartara un incremento salarial, una de las demandas del sector.<\/p>\n<p style=\"text-align: justify\">La marcha del magisterio de Bolivia lleg\u00f3 a la localidad de Vilaque, luego de partir del municipio pace\u00f1o de Calamarca, en la ruta que une a La Paz con Oruro.<\/p>\n<p style=\"text-align: justify\">Los maestros iniciaron su recorrido desde Calamarca a las 14:30 y cerca de las 19:00 del martes arribaron a Vilaque.<\/p>\n<p style=\"text-align: justify\">\u201cPor las condiciones clim\u00e1ticas nos estamos agripando, pero hoy nos vamos a trasladar una mayor distancia, pero con la convicci\u00f3n firme de que los maestros vamos a lograr nuestros objetivos\u201d, dijo uno de los dirigentes.<\/p>\n<p style=\"text-align: justify\">El sector anunci\u00f3 la incorporaci\u00f3n de m\u00e1s representantes del pa\u00eds.<\/p>\n<p style=\"text-align: justify\">\u201cEstamos previendo de que vamos a avanzar 20 kil\u00f3metros\u201d, anunci\u00f3 el dirigente.<\/p>\n","protected":false},"excerpt":{"rendered":"<p>Los maestros han decidido no acudir a la convocatoria al di\u00e1logo luego de que el Gobierno descartara un incremento salarial, una de las demandas del sector. La marcha del magisterio de Bolivia lleg\u00f3 a la localidad de Vilaque, luego de partir del municipio pace\u00f1o de Calamarca, en la ruta que une a La Paz con [&hellip;]<\/p>\n","protected":false},"author":1,"featured_media":86551,"comment_status":"closed","ping_status":"open","sticky":false,"template":"","format":"standard","meta":{"footnotes":""},"categories":[49],"tags":[],"class_list":{"0":"post-86550","1":"post","2":"type-post","3":"status-publish","4":"format-standard","5":"has-post-thumbnail","7":"category-social"},"_links":{"self":[{"href":"https:\/\/jms.com.bo\/mediamonitor\/wp-json\/wp\/v2\/posts\/86550","targetHints":{"allow":["GET"]}}],"collection":[{"href":"https:\/\/jms.com.bo\/mediamonitor\/wp-json\/wp\/v2\/posts"}],"about":[{"href":"https:\/\/jms.com.bo\/mediamonitor\/wp-json\/wp\/v2\/types\/post"}],"author":[{"embeddable":true,"href":"https:\/\/jms.com.bo\/mediamonitor\/wp-json\/wp\/v2\/users\/1"}],"replies":[{"embeddable":true,"href":"https:\/\/jms.com.bo\/mediamonitor\/wp-json\/wp\/v2\/comments?post=86550"}],"version-history":[{"count":0,"href":"https:\/\/jms.com.bo\/mediamonitor\/wp-json\/wp\/v2\/posts\/86550\/revisions"}],"wp:featuredmedia":[{"embeddable":true,"href":"https:\/\/jms.com.bo\/mediamonitor\/wp-json\/wp\/v2\/media\/86551"}],"wp:attachment":[{"href":"https:\/\/jms.com.bo\/mediamonitor\/wp-json\/wp\/v2\/media?parent=86550"}],"wp:term":[{"taxonomy":"category","embeddable":true,"href":"https:\/\/jms.com.bo\/mediamonitor\/wp-json\/wp\/v2\/categories?post=86550"},{"taxonomy":"post_tag","embeddable":true,"href":"https:\/\/jms.com.bo\/mediamonitor\/wp-json\/wp\/v2\/tags?post=86550"}],"curies":[{"name":"wp","href":"https:\/\/api.w.org\/{rel}","templated":true}]}}