{"id":86552,"date":"2026-04-30T07:50:46","date_gmt":"2026-04-30T11:50:46","guid":{"rendered":"https:\/\/mediamonitorbo.com.bo\/?p=21360"},"modified":"2026-04-30T07:50:46","modified_gmt":"2026-04-30T11:50:46","slug":"campesinos-marchan-contra-la-ley-1720-y-advierten-con-bloqueos","status":"publish","type":"post","link":"https:\/\/jms.com.bo\/mediamonitor\/2026\/04\/30\/campesinos-marchan-contra-la-ley-1720-y-advierten-con-bloqueos\/","title":{"rendered":"Campesinos marchan contra la Ley 1720 y advierten con bloqueos"},"content":{"rendered":"<p style=\"text-align: justify\">Este mi\u00e9rcoles, la Federaci\u00f3n Sindical \u00danica de Comunidades Campesinas de Tarija (FSUCCT) protagoniz\u00f3 una masiva marcha por el centro de la ciudad exigiendo la abrogaci\u00f3n de la Ley 1720, normativa que \u2014seg\u00fan denuncian\u2014 pone en riesgo la propiedad de la tierra en el \u00e1rea rural. Han advertido que si el Gobierno no escucha sus demandas, radicalizar\u00e1n sus protestas con huelgas de hambre y bloqueo de caminos.<\/p>\n<p style=\"text-align: justify\">La movilizaci\u00f3n, encabezada por la dirigencia campesina y respaldada por centrales provinciales, tuvo como principal consigna la abrogaci\u00f3n de la ley que permite la reconversi\u00f3n de peque\u00f1as propiedades a medianas. Los manifestantes consideran que esta disposici\u00f3n vulnera el r\u00e9gimen agrario y abre la puerta a la concentraci\u00f3n de tierras.<\/p>\n<p style=\"text-align: justify\">El ejecutivo de la FSUCCT, Herber Quispe, advirti\u00f3 que el sector no descarta radicalizar sus medidas de presi\u00f3n si el Gobierno nacional no atiende sus demandas en un plazo prudente. Entre las acciones que podr\u00edan asumir figuran bloqueos de carreteras, huelgas de hambre y nuevas movilizaciones.<\/p>\n<p style=\"text-align: justify\">\u201cVamos a dar un tiempo para que el Gobierno escuche al sector campesino, pero si no hay respuestas, vamos a asumir medidas m\u00e1s contundentes\u201d, sostuvo el dirigente durante la marcha.<\/p>\n<p style=\"text-align: justify\">Adem\u00e1s del rechazo a la Ley 1720, los campesinos expresaron su preocupaci\u00f3n por un proyecto normativo que \u2014afirman\u2014 pretende aplicar impuestos a la producci\u00f3n agropecuaria, lo que consideran un golpe directo a la econom\u00eda rural. A esto se suma el malestar por la mala calidad de la gasolina, que estar\u00eda generando da\u00f1os en motores de maquinaria y herramientas utilizadas en sus actividades productivas.<\/p>\n<p style=\"text-align: justify\">Los movilizados tambi\u00e9n cuestionaron la falta de socializaci\u00f3n de la Ley 1720, asegurando que la normativa fue impulsada sin consulta previa al sector. En ese sentido, denunciaron que acuerdos anteriores habr\u00edan sido suscritos con dirigentes afines a l\u00edneas pol\u00edticas, sin el consentimiento de las bases.<\/p>\n<p style=\"text-align: justify\">Al respecto, el asamble\u00edsta departamental por el MAS, Eider Quiroga, manifest\u00f3 que actualmente el Gobierno ha tomado partida inclin\u00e1ndose a favor del sector empresarial, dejando en el abandono a los productores agr\u00edcolas y pecuarios.<\/p>\n<p style=\"text-align: justify\">Mencion\u00f3 que en vez de aprobarse esta normativa que pone en riesgo las peque\u00f1as propiedades, el Gobierno deber\u00eda haber flexibilizado el acceso a cr\u00e9ditos e intereses bajos para as\u00ed ayudar a crecer a los peque\u00f1os productores.<\/p>\n<p style=\"text-align: justify\">La marcha se desarroll\u00f3 de manera pac\u00edfica, pero dej\u00f3 en evidencia el creciente malestar del sector campesino en Tarija, que se suma a otras expresiones de conflicto social a nivel nacional en torno al acceso a la tierra, la crisis de combustibles y las pol\u00edticas econ\u00f3micas del Gobierno.<\/p>\n","protected":false},"excerpt":{"rendered":"<p>Este mi\u00e9rcoles, la Federaci\u00f3n Sindical \u00danica de Comunidades Campesinas de Tarija (FSUCCT) protagoniz\u00f3 una masiva marcha por el centro de la ciudad exigiendo la abrogaci\u00f3n de la Ley 1720, normativa que \u2014seg\u00fan denuncian\u2014 pone en riesgo la propiedad de la tierra en el \u00e1rea rural. Han advertido que si el Gobierno no escucha sus demandas, [&hellip;]<\/p>\n","protected":false},"author":1,"featured_media":86553,"comment_status":"closed","ping_status":"open","sticky":false,"template":"","format":"standard","meta":{"footnotes":""},"categories":[49],"tags":[],"class_list":{"0":"post-86552","1":"post","2":"type-post","3":"status-publish","4":"format-standard","5":"has-post-thumbnail","7":"category-social"},"_links":{"self":[{"href":"https:\/\/jms.com.bo\/mediamonitor\/wp-json\/wp\/v2\/posts\/86552","targetHints":{"allow":["GET"]}}],"collection":[{"href":"https:\/\/jms.com.bo\/mediamonitor\/wp-json\/wp\/v2\/posts"}],"about":[{"href":"https:\/\/jms.com.bo\/mediamonitor\/wp-json\/wp\/v2\/types\/post"}],"author":[{"embeddable":true,"href":"https:\/\/jms.com.bo\/mediamonitor\/wp-json\/wp\/v2\/users\/1"}],"replies":[{"embeddable":true,"href":"https:\/\/jms.com.bo\/mediamonitor\/wp-json\/wp\/v2\/comments?post=86552"}],"version-history":[{"count":0,"href":"https:\/\/jms.com.bo\/mediamonitor\/wp-json\/wp\/v2\/posts\/86552\/revisions"}],"wp:featuredmedia":[{"embeddable":true,"href":"https:\/\/jms.com.bo\/mediamonitor\/wp-json\/wp\/v2\/media\/86553"}],"wp:attachment":[{"href":"https:\/\/jms.com.bo\/mediamonitor\/wp-json\/wp\/v2\/media?parent=86552"}],"wp:term":[{"taxonomy":"category","embeddable":true,"href":"https:\/\/jms.com.bo\/mediamonitor\/wp-json\/wp\/v2\/categories?post=86552"},{"taxonomy":"post_tag","embeddable":true,"href":"https:\/\/jms.com.bo\/mediamonitor\/wp-json\/wp\/v2\/tags?post=86552"}],"curies":[{"name":"wp","href":"https:\/\/api.w.org\/{rel}","templated":true}]}}