{"id":86554,"date":"2026-04-30T07:52:38","date_gmt":"2026-04-30T11:52:38","guid":{"rendered":"https:\/\/mediamonitorbo.com.bo\/?p=21363"},"modified":"2026-04-30T07:52:38","modified_gmt":"2026-04-30T11:52:38","slug":"confederacion-de-choferes-convoca-paro-escalonado-a-partir-del-5-de-mayo","status":"publish","type":"post","link":"https:\/\/jms.com.bo\/mediamonitor\/2026\/04\/30\/confederacion-de-choferes-convoca-paro-escalonado-a-partir-del-5-de-mayo\/","title":{"rendered":"Confederaci\u00f3n de Choferes convoca paro escalonado a partir del 5 de mayo"},"content":{"rendered":"<p style=\"text-align: justify\">Tras un ampliado que se desarroll\u00f3 en Santa Cruz, el ejecutivo de la Confederaci\u00f3n Sindical de Choferes de Bolivia, Lucio G\u00f3mez, anunci\u00f3 este mi\u00e9rcoles que el sector ir\u00e1 a un paro nacional escalonado a partir del martes 5 de mayo ante la supuesta \u201cfalta de respuesta\u201d del Gobierno a sus demandas.<\/p>\n<p style=\"text-align: justify\">\u201cSe ha determinado paro nacional, estoy seguro que el pueblo se sumar\u00e1, ya no podemos seguir viviendo de promesas\u201d, afirm\u00f3 G\u00f3mez.<\/p>\n<p style=\"text-align: justify\">La decisi\u00f3n fue asumida en un ampliado nacional en el que participaron dirigentes de 11 federaciones de choferes en Santa Cruz de la Sierra.<\/p>\n<p style=\"text-align: justify\">Las demandas del sector son, principalmente cuatro: Que el Gobierno solucione los problemas en la comercializaci\u00f3n de los combustibles y la mala calidad de gasolina.<\/p>\n<p style=\"text-align: justify\">Agilizar el plan de resarcimiento por los da\u00f1os a los motores de los veh\u00edculos del sector por la denominada gasolina desestabilizada y la atenci\u00f3n de las carreteras del pa\u00eds que se encuentran en mal estado.<\/p>\n<p style=\"text-align: justify\">Asimismo, solicitan la adquisici\u00f3n m\u00e1s cilindros para la conversi\u00f3n de los motorizados a Gas Natural Vehicular (GNV).<\/p>\n","protected":false},"excerpt":{"rendered":"<p>Tras un ampliado que se desarroll\u00f3 en Santa Cruz, el ejecutivo de la Confederaci\u00f3n Sindical de Choferes de Bolivia, Lucio G\u00f3mez, anunci\u00f3 este mi\u00e9rcoles que el sector ir\u00e1 a un paro nacional escalonado a partir del martes 5 de mayo ante la supuesta \u201cfalta de respuesta\u201d del Gobierno a sus demandas. \u201cSe ha determinado paro [&hellip;]<\/p>\n","protected":false},"author":1,"featured_media":86555,"comment_status":"closed","ping_status":"open","sticky":false,"template":"","format":"standard","meta":{"footnotes":""},"categories":[49],"tags":[],"class_list":{"0":"post-86554","1":"post","2":"type-post","3":"status-publish","4":"format-standard","5":"has-post-thumbnail","7":"category-social"},"_links":{"self":[{"href":"https:\/\/jms.com.bo\/mediamonitor\/wp-json\/wp\/v2\/posts\/86554","targetHints":{"allow":["GET"]}}],"collection":[{"href":"https:\/\/jms.com.bo\/mediamonitor\/wp-json\/wp\/v2\/posts"}],"about":[{"href":"https:\/\/jms.com.bo\/mediamonitor\/wp-json\/wp\/v2\/types\/post"}],"author":[{"embeddable":true,"href":"https:\/\/jms.com.bo\/mediamonitor\/wp-json\/wp\/v2\/users\/1"}],"replies":[{"embeddable":true,"href":"https:\/\/jms.com.bo\/mediamonitor\/wp-json\/wp\/v2\/comments?post=86554"}],"version-history":[{"count":0,"href":"https:\/\/jms.com.bo\/mediamonitor\/wp-json\/wp\/v2\/posts\/86554\/revisions"}],"wp:featuredmedia":[{"embeddable":true,"href":"https:\/\/jms.com.bo\/mediamonitor\/wp-json\/wp\/v2\/media\/86555"}],"wp:attachment":[{"href":"https:\/\/jms.com.bo\/mediamonitor\/wp-json\/wp\/v2\/media?parent=86554"}],"wp:term":[{"taxonomy":"category","embeddable":true,"href":"https:\/\/jms.com.bo\/mediamonitor\/wp-json\/wp\/v2\/categories?post=86554"},{"taxonomy":"post_tag","embeddable":true,"href":"https:\/\/jms.com.bo\/mediamonitor\/wp-json\/wp\/v2\/tags?post=86554"}],"curies":[{"name":"wp","href":"https:\/\/api.w.org\/{rel}","templated":true}]}}