{"id":86556,"date":"2026-04-30T07:54:18","date_gmt":"2026-04-30T11:54:18","guid":{"rendered":"https:\/\/mediamonitorbo.com.bo\/?p=21366"},"modified":"2026-04-30T07:54:18","modified_gmt":"2026-04-30T11:54:18","slug":"gobierno-anuncia-dialogo-con-indigenas-para-reglamentar-decreto-de-dotacion-y-titulacion-de-tierras","status":"publish","type":"post","link":"https:\/\/jms.com.bo\/mediamonitor\/2026\/04\/30\/gobierno-anuncia-dialogo-con-indigenas-para-reglamentar-decreto-de-dotacion-y-titulacion-de-tierras\/","title":{"rendered":"Gobierno anuncia di\u00e1logo con ind\u00edgenas para reglamentar decreto de dotaci\u00f3n y titulaci\u00f3n de tierras"},"content":{"rendered":"<p style=\"text-align: justify\">El viceministro de R\u00e9gimen Interior y Polic\u00eda Hern\u00e1n Paredes anunci\u00f3 que el Ejecutivo dialogar\u00e1 desde este mi\u00e9rcoles con los dirigentes y bases de las comunidades ind\u00edgenas y campesinas movilizados en contra de varias pol\u00edticas de gobierno; entre los temas a tratar est\u00e1 la reglamentaci\u00f3n del Decreto Supremo 5613, que dispone la dotaci\u00f3n y titulaci\u00f3n de tierras en la regi\u00f3n amaz\u00f3nica.<\/p>\n<p style=\"text-align: justify\">\u201cConvocamos a los dirigentes y a las bases de Beni a que se incorporen al di\u00e1logo para la reglamentaci\u00f3n del decreto, que es parte fundamental de la soluci\u00f3n de todos estos temas que son una reivindicaci\u00f3n hist\u00f3rica\u201d, dijo, seg\u00fan un reporte de la agencia ABI.<\/p>\n<p style=\"text-align: justify\">En las \u00faltimas horas, el gobierno aprob\u00f3 y public\u00f3 el decreto 5613, que tiene por objeto la dotaci\u00f3n y titulaci\u00f3n de tierras en la regi\u00f3n amaz\u00f3nica, con prioridad en los departamentos de Pando y Beni, a favor de comunidades campesinas y\/o ind\u00edgena que formalmente la hayan solicitado y est\u00e9n reconocidos seg\u00fan corresponda, sin sobreposici\u00f3n de superficie.<\/p>\n<p style=\"text-align: justify\">La columna de marchistas, que por ahora se halla en Caranavi (La Paz), parti\u00f3 el 8 de abril rumbo a la sede de gobierno en protesta por la Ley 1720, de conversi\u00f3n de la peque\u00f1a propiedad agraria. Los manifestantes argumentan que la norma es inconstitucional, pues viola al menos cuatro art\u00edculos de la CPE y se constituye en una amenaza para la propiedad individual y colectiva; para la primera porque, podr\u00eda derivar en la expropiaci\u00f3n de los predios hipotecados en los bancos, y para la segunda porque podr\u00eda alterar el entorno y la cultura de las propiedades colectivas al darle un valor mercantil a las tierras destinadas a la producci\u00f3n de subsistencia.<\/p>\n<p style=\"text-align: justify\">En medio de esta protesta, el Ejecutivo aprob\u00f3 el decreto para comprometer la dotaci\u00f3n de tierras, que es otra exigencia de los movilizados. Pero la determinaci\u00f3n tambi\u00e9n ha despertado susceptibilidad.<\/p>\n<p style=\"text-align: justify\">La ma\u00f1ana de este mi\u00e9rcoles, Bolivia Tv inform\u00f3 desde Caranavi que autoridades del gobierno se reunir\u00e1n esta jornada con dos sectores; por un lado, con las comunidades ind\u00edgenas y campesinas para abordar la nueva normativa; y por otro, con los transportistas para conversar sobre las carreteras en el norte pace\u00f1o. Para este segundo encuentro asistir\u00e1n tambi\u00e9n autoridades de la Administradora Boliviana de Carreteras (ABC), comunidades ind\u00edgenas y campesinas de Pando y Beni y con transportistas en el municipio de Caranavi sobre el nuevo decreto 5613 y las carreteras en el norte pace\u00f1o.<\/p>\n","protected":false},"excerpt":{"rendered":"<p>El viceministro de R\u00e9gimen Interior y Polic\u00eda Hern\u00e1n Paredes anunci\u00f3 que el Ejecutivo dialogar\u00e1 desde este mi\u00e9rcoles con los dirigentes y bases de las comunidades ind\u00edgenas y campesinas movilizados en contra de varias pol\u00edticas de gobierno; entre los temas a tratar est\u00e1 la reglamentaci\u00f3n del Decreto Supremo 5613, que dispone la dotaci\u00f3n y titulaci\u00f3n de [&hellip;]<\/p>\n","protected":false},"author":1,"featured_media":86557,"comment_status":"closed","ping_status":"open","sticky":false,"template":"","format":"standard","meta":{"footnotes":""},"categories":[49],"tags":[],"class_list":{"0":"post-86556","1":"post","2":"type-post","3":"status-publish","4":"format-standard","5":"has-post-thumbnail","7":"category-social"},"_links":{"self":[{"href":"https:\/\/jms.com.bo\/mediamonitor\/wp-json\/wp\/v2\/posts\/86556","targetHints":{"allow":["GET"]}}],"collection":[{"href":"https:\/\/jms.com.bo\/mediamonitor\/wp-json\/wp\/v2\/posts"}],"about":[{"href":"https:\/\/jms.com.bo\/mediamonitor\/wp-json\/wp\/v2\/types\/post"}],"author":[{"embeddable":true,"href":"https:\/\/jms.com.bo\/mediamonitor\/wp-json\/wp\/v2\/users\/1"}],"replies":[{"embeddable":true,"href":"https:\/\/jms.com.bo\/mediamonitor\/wp-json\/wp\/v2\/comments?post=86556"}],"version-history":[{"count":0,"href":"https:\/\/jms.com.bo\/mediamonitor\/wp-json\/wp\/v2\/posts\/86556\/revisions"}],"wp:featuredmedia":[{"embeddable":true,"href":"https:\/\/jms.com.bo\/mediamonitor\/wp-json\/wp\/v2\/media\/86557"}],"wp:attachment":[{"href":"https:\/\/jms.com.bo\/mediamonitor\/wp-json\/wp\/v2\/media?parent=86556"}],"wp:term":[{"taxonomy":"category","embeddable":true,"href":"https:\/\/jms.com.bo\/mediamonitor\/wp-json\/wp\/v2\/categories?post=86556"},{"taxonomy":"post_tag","embeddable":true,"href":"https:\/\/jms.com.bo\/mediamonitor\/wp-json\/wp\/v2\/tags?post=86556"}],"curies":[{"name":"wp","href":"https:\/\/api.w.org\/{rel}","templated":true}]}}