{"id":86558,"date":"2026-04-30T07:56:16","date_gmt":"2026-04-30T11:56:16","guid":{"rendered":"https:\/\/mediamonitorbo.com.bo\/?p=21369"},"modified":"2026-04-30T07:56:16","modified_gmt":"2026-04-30T11:56:16","slug":"dirigente-en-gestion-de-evo-ya-sabian-que-se-estaban-comiendo-las-reservas-de-gas","status":"publish","type":"post","link":"https:\/\/jms.com.bo\/mediamonitor\/2026\/04\/30\/dirigente-en-gestion-de-evo-ya-sabian-que-se-estaban-comiendo-las-reservas-de-gas\/","title":{"rendered":"Dirigente: en gesti\u00f3n de Evo ya sab\u00edan que se estaban \u201ccomiendo\u201d las reservas de gas"},"content":{"rendered":"<p style=\"text-align: justify\">El actual ejecutivo de los trabajadores petroleros de Bolivia, Augusto Blanco, revel\u00f3 que durante la gesti\u00f3n de Evo Morales ya era de conocimiento en YPFB que se estaban \u201ccomiendo\u201d las reservas de gas, pero se guard\u00f3 silencio porque el \u00fanico vocero s\u00f3lo era la cabeza del sector.<\/p>\n<p style=\"text-align: justify\">Revel\u00f3 una reuni\u00f3n donde estuvo presente junto a t\u00e9cnicos de YPFB y el entonces ministro de Hidrocarburos, Luis Alberto S\u00e1nchez, recordado por la frase en la cual asegur\u00f3 que Bolivia estaba sobre un \u201cmar de gas\u201d.<\/p>\n<p style=\"text-align: justify\">Seg\u00fan record\u00f3, e la reuni\u00f3n un experto en reservorios, el ingeniero Jos\u00e9 Luis Rivero, desafi\u00f3 al ministro S\u00e1nchez.<\/p>\n<p style=\"text-align: justify\">\u201cUno de los expertos en reservorios le desafi\u00f3 (al ministro) Se desafiaron totalmente una reuni\u00f3n. Se desafiaron. Y lo demostr\u00f3: \u2018de aqu\u00ed a unos a\u00f1os nos lo estamos comiendo las reservas de gas, yo como t\u00e9cnico le puedo demostrar\u2019. Entonces ya sab\u00edamos\u201d, relat\u00f3 el dirigente.<\/p>\n<p style=\"text-align: justify\">Se\u00f1al\u00f3 que, ante el desaf\u00edo, el entonces ministro S\u00e1nchez termin\u00f3 enoj\u00e1ndose.<\/p>\n<p style=\"text-align: justify\">Blanco dijo que, si bien en la empresa ya conoc\u00edan de esta situaci\u00f3n, no pod\u00edan salir a difundirla, puesto que los voceros s\u00f3lo eran las autoridades m\u00e1ximas. Tambi\u00e9n tem\u00edan a represalias.<\/p>\n<p style=\"text-align: justify\">En ese marco, el dirigente record\u00f3 que aparentemente por una represalia fue desvinculado de YPFB el ingeniero que desafi\u00f3 al ministro de Evo Morales.<\/p>\n<p style=\"text-align: justify\">El tema del gas ha generado pol\u00e9mica en los \u00faltimos meses, puesto que las autoridades han acusado a anteriores gobiernos del MAS de agotar las reservas y dilapidar los recursos generados con el recurso natural, en lugar de generar inversi\u00f3n para encontrar nuevos reservorios.<\/p>\n","protected":false},"excerpt":{"rendered":"<p>El actual ejecutivo de los trabajadores petroleros de Bolivia, Augusto Blanco, revel\u00f3 que durante la gesti\u00f3n de Evo Morales ya era de conocimiento en YPFB que se estaban \u201ccomiendo\u201d las reservas de gas, pero se guard\u00f3 silencio porque el \u00fanico vocero s\u00f3lo era la cabeza del sector. Revel\u00f3 una reuni\u00f3n donde estuvo presente junto a [&hellip;]<\/p>\n","protected":false},"author":1,"featured_media":86559,"comment_status":"closed","ping_status":"open","sticky":false,"template":"","format":"standard","meta":{"footnotes":""},"categories":[20],"tags":[],"class_list":{"0":"post-86558","1":"post","2":"type-post","3":"status-publish","4":"format-standard","5":"has-post-thumbnail","7":"category-actualidad"},"_links":{"self":[{"href":"https:\/\/jms.com.bo\/mediamonitor\/wp-json\/wp\/v2\/posts\/86558","targetHints":{"allow":["GET"]}}],"collection":[{"href":"https:\/\/jms.com.bo\/mediamonitor\/wp-json\/wp\/v2\/posts"}],"about":[{"href":"https:\/\/jms.com.bo\/mediamonitor\/wp-json\/wp\/v2\/types\/post"}],"author":[{"embeddable":true,"href":"https:\/\/jms.com.bo\/mediamonitor\/wp-json\/wp\/v2\/users\/1"}],"replies":[{"embeddable":true,"href":"https:\/\/jms.com.bo\/mediamonitor\/wp-json\/wp\/v2\/comments?post=86558"}],"version-history":[{"count":0,"href":"https:\/\/jms.com.bo\/mediamonitor\/wp-json\/wp\/v2\/posts\/86558\/revisions"}],"wp:featuredmedia":[{"embeddable":true,"href":"https:\/\/jms.com.bo\/mediamonitor\/wp-json\/wp\/v2\/media\/86559"}],"wp:attachment":[{"href":"https:\/\/jms.com.bo\/mediamonitor\/wp-json\/wp\/v2\/media?parent=86558"}],"wp:term":[{"taxonomy":"category","embeddable":true,"href":"https:\/\/jms.com.bo\/mediamonitor\/wp-json\/wp\/v2\/categories?post=86558"},{"taxonomy":"post_tag","embeddable":true,"href":"https:\/\/jms.com.bo\/mediamonitor\/wp-json\/wp\/v2\/tags?post=86558"}],"curies":[{"name":"wp","href":"https:\/\/api.w.org\/{rel}","templated":true}]}}