{"id":86562,"date":"2026-04-30T08:02:57","date_gmt":"2026-04-30T12:02:57","guid":{"rendered":"https:\/\/mediamonitorbo.com.bo\/?p=21377"},"modified":"2026-04-30T08:02:57","modified_gmt":"2026-04-30T12:02:57","slug":"justicia-ordena-suspender-la-interpelacion-a-blanco","status":"publish","type":"post","link":"https:\/\/jms.com.bo\/mediamonitor\/2026\/04\/30\/justicia-ordena-suspender-la-interpelacion-a-blanco\/","title":{"rendered":"Justicia ordena suspender la interpelaci\u00f3n a Blanco"},"content":{"rendered":"<p style=\"text-align: justify\">La Sala Constitucional Tercera de la ciudad de El Alto admiti\u00f3 este mi\u00e9rcoles una Acci\u00f3n de Amparo Constitucional presentada por el ministro de Hidrocarburos y Energ\u00edas, Carlos Marcelo Blanco, y orden\u00f3 la suspensi\u00f3n temporal de su interpelaci\u00f3n ante la Asamblea Legislativa Plurinacional (ALP), que estaba fijada para este jueves a las 9:00.<\/p>\n<p style=\"text-align: justify\">El recurso fue interpuesto contra el presidente nato de la ALP, el vicepresidente Edmand Lara. Como medida cautelar, el tribunal dispuso frenar la comparecencia para evitar un \u201cda\u00f1o irreparable e irremediable\u201d, conforme al art\u00edculo 34 de la Ley 254, hasta que se resuelva el fondo de la acci\u00f3n tutelar.<\/p>\n<p style=\"text-align: justify\">La interpelaci\u00f3n ten\u00eda por objeto tratar el tema del combustible de mala calidad. El ministro originalmente se\u00f1alado era Mauricio Medinaceli, quien dej\u00f3 el cargo recientemente acorralado por la crisis de los combustibles. Blanco Quintanilla fue designado mediante el Decreto 5612 el pasado 22 de abril. El tribunal, con las firmas de los vocales Ricardo Guisbely Limachi, Grover Jhonn Cori Paz y Juan Levy Ulloa Galarza, fij\u00f3 audiencia p\u00fablica para el martes 5 de mayo a las 12:00, de forma virtual v\u00eda Zoom, e instruy\u00f3 a la ALP remitir todos los antecedentes antes de esa fecha.<\/p>\n<p style=\"text-align: justify\">La Vicepresidencia, tras ser notificada, inform\u00f3 que, \u201cfrente a estas circunstancias\u201d, la interpelaci\u00f3n que estaba programada para este jueves \u201cqueda suspendida hasta nuevo aviso\u201d. No obstante, denunci\u00f3 que la decisi\u00f3n judicial no se adec\u00faa a las reglas de un Estado democr\u00e1tico.<\/p>\n<p style=\"text-align: justify\">\u201cUn Estado Constitucional de Derecho sin interpelaciones deja de ser un Estado Democr\u00e1tico. Se transforma en un Estado autoritario donde el Ejecutivo no rinde cuentas de sus pol\u00edticas p\u00fablicas. Recordamos a los Ministros de Estado que la interpelaci\u00f3n no es un favor pol\u00edtico: es una garant\u00eda constitucional para evitar el abuso de poder\u201d, se\u00f1al\u00f3 en un comunicado.<\/p>\n","protected":false},"excerpt":{"rendered":"<p>La Sala Constitucional Tercera de la ciudad de El Alto admiti\u00f3 este mi\u00e9rcoles una Acci\u00f3n de Amparo Constitucional presentada por el ministro de Hidrocarburos y Energ\u00edas, Carlos Marcelo Blanco, y orden\u00f3 la suspensi\u00f3n temporal de su interpelaci\u00f3n ante la Asamblea Legislativa Plurinacional (ALP), que estaba fijada para este jueves a las 9:00. El recurso fue [&hellip;]<\/p>\n","protected":false},"author":1,"featured_media":86563,"comment_status":"closed","ping_status":"open","sticky":false,"template":"","format":"standard","meta":{"footnotes":""},"categories":[18],"tags":[],"class_list":{"0":"post-86562","1":"post","2":"type-post","3":"status-publish","4":"format-standard","5":"has-post-thumbnail","7":"category-politica"},"_links":{"self":[{"href":"https:\/\/jms.com.bo\/mediamonitor\/wp-json\/wp\/v2\/posts\/86562","targetHints":{"allow":["GET"]}}],"collection":[{"href":"https:\/\/jms.com.bo\/mediamonitor\/wp-json\/wp\/v2\/posts"}],"about":[{"href":"https:\/\/jms.com.bo\/mediamonitor\/wp-json\/wp\/v2\/types\/post"}],"author":[{"embeddable":true,"href":"https:\/\/jms.com.bo\/mediamonitor\/wp-json\/wp\/v2\/users\/1"}],"replies":[{"embeddable":true,"href":"https:\/\/jms.com.bo\/mediamonitor\/wp-json\/wp\/v2\/comments?post=86562"}],"version-history":[{"count":0,"href":"https:\/\/jms.com.bo\/mediamonitor\/wp-json\/wp\/v2\/posts\/86562\/revisions"}],"wp:featuredmedia":[{"embeddable":true,"href":"https:\/\/jms.com.bo\/mediamonitor\/wp-json\/wp\/v2\/media\/86563"}],"wp:attachment":[{"href":"https:\/\/jms.com.bo\/mediamonitor\/wp-json\/wp\/v2\/media?parent=86562"}],"wp:term":[{"taxonomy":"category","embeddable":true,"href":"https:\/\/jms.com.bo\/mediamonitor\/wp-json\/wp\/v2\/categories?post=86562"},{"taxonomy":"post_tag","embeddable":true,"href":"https:\/\/jms.com.bo\/mediamonitor\/wp-json\/wp\/v2\/tags?post=86562"}],"curies":[{"name":"wp","href":"https:\/\/api.w.org\/{rel}","templated":true}]}}