{"id":86564,"date":"2026-04-30T08:04:50","date_gmt":"2026-04-30T12:04:50","guid":{"rendered":"https:\/\/mediamonitorbo.com.bo\/?p=21380"},"modified":"2026-04-30T08:04:50","modified_gmt":"2026-04-30T12:04:50","slug":"vocero-asegura-que-el-gobierno-esta-abierto-al-dialogo-pero-denuncia-un-proceso-conspirativo-en-curso","status":"publish","type":"post","link":"https:\/\/jms.com.bo\/mediamonitor\/2026\/04\/30\/vocero-asegura-que-el-gobierno-esta-abierto-al-dialogo-pero-denuncia-un-proceso-conspirativo-en-curso\/","title":{"rendered":"Vocero asegura que el Gobierno est\u00e1 abierto al di\u00e1logo, pero denuncia un \u201cproceso conspirativo\u201d en curso"},"content":{"rendered":"<p style=\"text-align: justify\">En medio de movilizaciones y anuncios de protestas de sectores sociales, el vocero presidencial Jos\u00e9 Luis Galvez denunci\u00f3 que estar\u00eda en curso un \u201cproceso conspirativo\u201d, sin embargo, insisti\u00f3 en proponer el di\u00e1logo como mecanismo para abortar las demandas hacia el Gobierno.<\/p>\n<p style=\"text-align: justify\">\u201cTenemos que escucharnos. Lo que s\u00ed no estamos de acuerdo es en la generaci\u00f3n de convulsi\u00f3n pol\u00edtica con intenciones de este generar un caos y, eventualmente, construir un proceso conspirativo, que creemos que en parte est\u00e1 en curso\u201d, dijo Galvez en su primera conferencia de prensa en el cargo.<\/p>\n<p style=\"text-align: justify\">Actualmente, se registra una marcha de comunidades desde Pando hacia La Paz contra la ley de reconversi\u00f3n de tierras, en tanto los maestros urbanos se movilizan desde el altiplano con demandas salariales y sectoriales. Asimismo, la Central Obrera anunci\u00f3 un cabildo para el 1 de mayo.<\/p>\n<p style=\"text-align: justify\">El vocero se\u00f1al\u00f3 que \u201calgunas estructuras\u201d de orden pol\u00edtico, partidario, dirigencial se oponen a un cambio en el pa\u00eds, porque probablemente tambi\u00e9n est\u00e1n defendiendo un sistema en que se encontraban muy c\u00f3modos y disfrutaban de determinados beneficios.<\/p>\n<p style=\"text-align: justify\">Denunci\u00f3 que esas \u201cestructuras\u201d est\u00e1n buscando escenarios de conflicto y de confrontaci\u00f3n.<\/p>\n<p style=\"text-align: justify\">Ante esa actitud, Galvez dijo que la contrapropuesta del Gobierno \u201ces mirar hacia adelante y no hacia el pasado, es dialogar y conversar absolutamente con todos\u201d.<\/p>\n<p style=\"text-align: justify\">Asever\u00f3 que el Gobierno tiene un mandato de \u201creconstruir la patria\u201d, avalado por m\u00e1s del 85% de los bolivianos, que han optado por un cambio.<\/p>\n<p style=\"text-align: justify\">\u201cPese a que hay estas estructuras, la convicci\u00f3n del Gobierno nacional es firme respecto a que no vamos a ceder ning\u00fan espacio, porque es un mandato el que hemos recibido y hay cosas que consideramos que son innegociables pero s\u00ed se pueden conversar y dialogar, porque en democracia todas las voces deben ser escuchadas\u201d, afirm\u00f3.<\/p>\n<p style=\"text-align: justify\">Se\u00f1al\u00f3 entre existen manifestaciones que persisten en generar conflicto, pese a que se atienden sus leg\u00edtimas demandas, pero insisti\u00f3 en que la respuesta gubernamental es convocar a conversar y sentarse a trabajar.<\/p>\n","protected":false},"excerpt":{"rendered":"<p>En medio de movilizaciones y anuncios de protestas de sectores sociales, el vocero presidencial Jos\u00e9 Luis Galvez denunci\u00f3 que estar\u00eda en curso un \u201cproceso conspirativo\u201d, sin embargo, insisti\u00f3 en proponer el di\u00e1logo como mecanismo para abortar las demandas hacia el Gobierno. \u201cTenemos que escucharnos. Lo que s\u00ed no estamos de acuerdo es en la generaci\u00f3n [&hellip;]<\/p>\n","protected":false},"author":1,"featured_media":86565,"comment_status":"closed","ping_status":"open","sticky":false,"template":"","format":"standard","meta":{"footnotes":""},"categories":[18],"tags":[],"class_list":{"0":"post-86564","1":"post","2":"type-post","3":"status-publish","4":"format-standard","5":"has-post-thumbnail","7":"category-politica"},"_links":{"self":[{"href":"https:\/\/jms.com.bo\/mediamonitor\/wp-json\/wp\/v2\/posts\/86564","targetHints":{"allow":["GET"]}}],"collection":[{"href":"https:\/\/jms.com.bo\/mediamonitor\/wp-json\/wp\/v2\/posts"}],"about":[{"href":"https:\/\/jms.com.bo\/mediamonitor\/wp-json\/wp\/v2\/types\/post"}],"author":[{"embeddable":true,"href":"https:\/\/jms.com.bo\/mediamonitor\/wp-json\/wp\/v2\/users\/1"}],"replies":[{"embeddable":true,"href":"https:\/\/jms.com.bo\/mediamonitor\/wp-json\/wp\/v2\/comments?post=86564"}],"version-history":[{"count":0,"href":"https:\/\/jms.com.bo\/mediamonitor\/wp-json\/wp\/v2\/posts\/86564\/revisions"}],"wp:featuredmedia":[{"embeddable":true,"href":"https:\/\/jms.com.bo\/mediamonitor\/wp-json\/wp\/v2\/media\/86565"}],"wp:attachment":[{"href":"https:\/\/jms.com.bo\/mediamonitor\/wp-json\/wp\/v2\/media?parent=86564"}],"wp:term":[{"taxonomy":"category","embeddable":true,"href":"https:\/\/jms.com.bo\/mediamonitor\/wp-json\/wp\/v2\/categories?post=86564"},{"taxonomy":"post_tag","embeddable":true,"href":"https:\/\/jms.com.bo\/mediamonitor\/wp-json\/wp\/v2\/tags?post=86564"}],"curies":[{"name":"wp","href":"https:\/\/api.w.org\/{rel}","templated":true}]}}