{"id":86566,"date":"2026-04-30T08:06:58","date_gmt":"2026-04-30T12:06:58","guid":{"rendered":"https:\/\/mediamonitorbo.com.bo\/?p=21383"},"modified":"2026-04-30T08:06:58","modified_gmt":"2026-04-30T12:06:58","slug":"ejecutivos-de-bancos-y-exministro-de-economia-de-arce-seran-citados-por-el-caso-bcb","status":"publish","type":"post","link":"https:\/\/jms.com.bo\/mediamonitor\/2026\/04\/30\/ejecutivos-de-bancos-y-exministro-de-economia-de-arce-seran-citados-por-el-caso-bcb\/","title":{"rendered":"Ejecutivos de bancos y exministro de Econom\u00eda de Arce ser\u00e1n citados por el caso BCB"},"content":{"rendered":"<p style=\"text-align: justify\">Luego de presentar la imputaci\u00f3n formal en contra del expresidente del Banco Central de Bolivia (BCB), Edwin Rojas y contra exejecutivos de esa entidad, la fiscal\u00eda abri\u00f3 la investigaci\u00f3n a otras personas. Entre ellas se menciona al exministro de Econom\u00eda, Marcelo Montenegro que puede estar involucrado en el da\u00f1o econ\u00f3mico que se produjo por la compra de bonos.<\/p>\n<p style=\"text-align: justify\">\u201cVa a ser citado en calidad de testigo, en primera instancia, para establecer si ten\u00eda conocimiento de la compra de estos bonos soberanos. \u00c9l, como cabeza del ministerio de Econom\u00eda que tienen todas estas entidades, tiene conocimiento de todos los movimientos econ\u00f3micos que suceden en el Estado\u201d, dijo el fiscal que investiga este caso Miguel Cardozo en el programa ON- Otra Noche con Sissi que se emite por EL DEBER.<\/p>\n<p style=\"text-align: justify\">El mi\u00e9rcoles se inform\u00f3 de la aprehensi\u00f3n del expresidente del BCB y de otros tres exejecutivos de la entidad a los que se acusa de haber manipulado un reglamento del banco para la compra de bonos soberanos en 2023. Seg\u00fan el fiscal ese movimiento econ\u00f3mico ocasion\u00f3 una p\u00e9rdida de $us 124 millones para el Estado boliviano, aunque el Gobierno maneja la cifra de $us 142 millones.<\/p>\n<p style=\"text-align: justify\">\u201cTambi\u00e9n se va a citar a los diferentes ejecutivos de las entidades financieras con las que se han realizado estas siete transacciones y posterior a ello el Ministerio P\u00fablico evaluar\u00e1 en base a la documentaci\u00f3n que ellos tambi\u00e9n nos puedan evidenciar si se ampl\u00eda o no se ampl\u00eda las personas a investigar\u201d, adelant\u00f3 el fiscal.<\/p>\n<p style=\"text-align: justify\">Por su parte el viceministro de Transparencia, Yamil Garc\u00eda, inform\u00f3 que desde que se abri\u00f3 el caso y se denunci\u00f3 p\u00fablicamente, otros exejecutivos y personal del propio banco empez\u00f3 a hacer llegar documentaci\u00f3n sobre otro tipo de transacciones, lo que indica que se pueden abrir otras investigaciones sobre malversaci\u00f3n de fondos.<\/p>\n<p style=\"text-align: justify\">\u201cEs importante destacar que los mismos funcionarios o exfuncionarios o personas afectadas, al ver que estamos haciendo fiscalizaci\u00f3n a una entidad p\u00fablica, comienzan a hacernos llegar m\u00e1s datos, m\u00e1s denuncias, m\u00e1s operaciones da\u00f1osas, por lo que con seguridad vamos a continuar generando auditor\u00edas e investigaci\u00f3n al interior del Banco Central\u201d, afirm\u00f3.<\/p>\n","protected":false},"excerpt":{"rendered":"<p>Luego de presentar la imputaci\u00f3n formal en contra del expresidente del Banco Central de Bolivia (BCB), Edwin Rojas y contra exejecutivos de esa entidad, la fiscal\u00eda abri\u00f3 la investigaci\u00f3n a otras personas. Entre ellas se menciona al exministro de Econom\u00eda, Marcelo Montenegro que puede estar involucrado en el da\u00f1o econ\u00f3mico que se produjo por la [&hellip;]<\/p>\n","protected":false},"author":1,"featured_media":86567,"comment_status":"closed","ping_status":"open","sticky":false,"template":"","format":"standard","meta":{"footnotes":""},"categories":[18,48,46],"tags":[],"class_list":{"0":"post-86566","1":"post","2":"type-post","3":"status-publish","4":"format-standard","5":"has-post-thumbnail","7":"category-politica","8":"category-portada-general-sitio","9":"category-portada-politica"},"_links":{"self":[{"href":"https:\/\/jms.com.bo\/mediamonitor\/wp-json\/wp\/v2\/posts\/86566","targetHints":{"allow":["GET"]}}],"collection":[{"href":"https:\/\/jms.com.bo\/mediamonitor\/wp-json\/wp\/v2\/posts"}],"about":[{"href":"https:\/\/jms.com.bo\/mediamonitor\/wp-json\/wp\/v2\/types\/post"}],"author":[{"embeddable":true,"href":"https:\/\/jms.com.bo\/mediamonitor\/wp-json\/wp\/v2\/users\/1"}],"replies":[{"embeddable":true,"href":"https:\/\/jms.com.bo\/mediamonitor\/wp-json\/wp\/v2\/comments?post=86566"}],"version-history":[{"count":0,"href":"https:\/\/jms.com.bo\/mediamonitor\/wp-json\/wp\/v2\/posts\/86566\/revisions"}],"wp:featuredmedia":[{"embeddable":true,"href":"https:\/\/jms.com.bo\/mediamonitor\/wp-json\/wp\/v2\/media\/86567"}],"wp:attachment":[{"href":"https:\/\/jms.com.bo\/mediamonitor\/wp-json\/wp\/v2\/media?parent=86566"}],"wp:term":[{"taxonomy":"category","embeddable":true,"href":"https:\/\/jms.com.bo\/mediamonitor\/wp-json\/wp\/v2\/categories?post=86566"},{"taxonomy":"post_tag","embeddable":true,"href":"https:\/\/jms.com.bo\/mediamonitor\/wp-json\/wp\/v2\/tags?post=86566"}],"curies":[{"name":"wp","href":"https:\/\/api.w.org\/{rel}","templated":true}]}}