{"id":86568,"date":"2026-04-30T08:08:46","date_gmt":"2026-04-30T12:08:46","guid":{"rendered":"https:\/\/mediamonitorbo.com.bo\/?p=21386"},"modified":"2026-04-30T08:08:46","modified_gmt":"2026-04-30T12:08:46","slug":"cainco-apoyara-reactivacion-de-la-economia-boliviana","status":"publish","type":"post","link":"https:\/\/jms.com.bo\/mediamonitor\/2026\/04\/30\/cainco-apoyara-reactivacion-de-la-economia-boliviana\/","title":{"rendered":"Cainco apoyar\u00e1 reactivaci\u00f3n de la econom\u00eda boliviana"},"content":{"rendered":"<p style=\"text-align: justify\">La C\u00e1mara de Industria, Comercio, Servicios y Turismo de Santa Cruz (Cainco) anunci\u00f3 la reapertura de sus oficinas en la ciudad de La Paz, despu\u00e9s de 20 a\u00f1os, para fortalecer el servicio y la cercan\u00eda con sus asociados, con su sede y sucursales en esta ciudad. Tambi\u00e9n para apoyar la reactivaci\u00f3n de la econom\u00eda boliviana, en trabajo conjunto con el sector p\u00fablico.<\/p>\n<p style=\"text-align: justify\">Con el objetivo de tender puentes y consolidar una visi\u00f3n de crecimiento, que integre a todo el territorio nacional, la C\u00e1mara de Industria, Comercio, Servicios y Turismo de Santa Cruz (Cainco) llev\u00f3 a cabo una ambiciosa misi\u00f3n institucional en la ciudad de La Paz.<\/p>\n<p style=\"text-align: justify\">La comitiva, integrada por 50 empresarios y su plantel ejecutivo, reafirm\u00f3 el compromiso del sector privado de trabajar por el desarrollo econ\u00f3mico desde las regiones, pero con una mirada estrat\u00e9gica de pa\u00eds.<\/p>\n<p style=\"text-align: justify\">La agenda de la misi\u00f3n fue sumamente completa, abarcando reuniones de alto nivel con el ministro de la Presidencia, Jos\u00e9 Luis Lupo, el ministro de Econom\u00eda, Jos\u00e9 Gabriel Espinoza; sesiones de trabajo con organismos internacionales y cuerpo diplom\u00e1tico y reuniones bilaterales con el Banco Mundial y CAF \u2013 Banco de Desarrollo de Am\u00e9rica Latina; adem\u00e1s de un encuentro con el directorio de Cainco El Alto.<\/p>\n<p style=\"text-align: justify\">Nueva oficina en La Paz: M\u00e1s cerca de los asociados<\/p>\n<p style=\"text-align: justify\">Con un desayuno de asociados que tienen sede o sucursales en el occidente boliviano, se realiz\u00f3 el anuncio oficial de la reapertura de una oficina permanente de Cainco en la ciudad de La Paz a partir del mes de mayo. Este espacio funcionar\u00e1 como un centro de operaciones para facilitar gestiones y brindar un soporte t\u00e9cnico y gremial directo en la sede de gobierno.<\/p>\n<p style=\"text-align: justify\">\u00abCainco es una c\u00e1mara regional, pero hoy el desarrollo del pa\u00eds nos llama a las regiones a conectar, a encontrar puntos de encuentro y empujar y acompa\u00f1ar los cambios que requiere el pa\u00eds\u00bb, manifest\u00f3 el presidente de la instituci\u00f3n, Jean Pierre Antelo. \u00abEl sector privado tiene un rol importante en este nuevo tiempo de Bolivia, pero tambi\u00e9n la responsabilidad de estar m\u00e1s conectados y unidos\u201d, resalt\u00f3.<\/p>\n<p style=\"text-align: justify\">Con esa misi\u00f3n, Cainco no solo marca presencia en el centro pol\u00edtico del pa\u00eds, sino que consolida una red de articulaci\u00f3n empresarial que busca convertir las potencialidades regionales en una prosperidad compartida para todos los bolivianos.<\/p>\n","protected":false},"excerpt":{"rendered":"<p>La C\u00e1mara de Industria, Comercio, Servicios y Turismo de Santa Cruz (Cainco) anunci\u00f3 la reapertura de sus oficinas en la ciudad de La Paz, despu\u00e9s de 20 a\u00f1os, para fortalecer el servicio y la cercan\u00eda con sus asociados, con su sede y sucursales en esta ciudad. Tambi\u00e9n para apoyar la reactivaci\u00f3n de la econom\u00eda boliviana, [&hellip;]<\/p>\n","protected":false},"author":1,"featured_media":86569,"comment_status":"closed","ping_status":"open","sticky":false,"template":"","format":"standard","meta":{"footnotes":""},"categories":[25],"tags":[],"class_list":{"0":"post-86568","1":"post","2":"type-post","3":"status-publish","4":"format-standard","5":"has-post-thumbnail","7":"category-economia"},"_links":{"self":[{"href":"https:\/\/jms.com.bo\/mediamonitor\/wp-json\/wp\/v2\/posts\/86568","targetHints":{"allow":["GET"]}}],"collection":[{"href":"https:\/\/jms.com.bo\/mediamonitor\/wp-json\/wp\/v2\/posts"}],"about":[{"href":"https:\/\/jms.com.bo\/mediamonitor\/wp-json\/wp\/v2\/types\/post"}],"author":[{"embeddable":true,"href":"https:\/\/jms.com.bo\/mediamonitor\/wp-json\/wp\/v2\/users\/1"}],"replies":[{"embeddable":true,"href":"https:\/\/jms.com.bo\/mediamonitor\/wp-json\/wp\/v2\/comments?post=86568"}],"version-history":[{"count":0,"href":"https:\/\/jms.com.bo\/mediamonitor\/wp-json\/wp\/v2\/posts\/86568\/revisions"}],"wp:featuredmedia":[{"embeddable":true,"href":"https:\/\/jms.com.bo\/mediamonitor\/wp-json\/wp\/v2\/media\/86569"}],"wp:attachment":[{"href":"https:\/\/jms.com.bo\/mediamonitor\/wp-json\/wp\/v2\/media?parent=86568"}],"wp:term":[{"taxonomy":"category","embeddable":true,"href":"https:\/\/jms.com.bo\/mediamonitor\/wp-json\/wp\/v2\/categories?post=86568"},{"taxonomy":"post_tag","embeddable":true,"href":"https:\/\/jms.com.bo\/mediamonitor\/wp-json\/wp\/v2\/tags?post=86568"}],"curies":[{"name":"wp","href":"https:\/\/api.w.org\/{rel}","templated":true}]}}