{"id":86570,"date":"2026-04-30T08:11:06","date_gmt":"2026-04-30T12:11:06","guid":{"rendered":"https:\/\/mediamonitorbo.com.bo\/?p=21389"},"modified":"2026-04-30T08:11:06","modified_gmt":"2026-04-30T12:11:06","slug":"ejecutivo-presenta-el-pge-2026-reformulado-con-recorte-en-el-gasto","status":"publish","type":"post","link":"https:\/\/jms.com.bo\/mediamonitor\/2026\/04\/30\/ejecutivo-presenta-el-pge-2026-reformulado-con-recorte-en-el-gasto\/","title":{"rendered":"Ejecutivo presenta el PGE 2026 reformulado con recorte en el gasto"},"content":{"rendered":"<p style=\"text-align: justify\">El Gobierno present\u00f3 este martes a la Asamblea Legislativa Plurinacional (ALP) el Presupuesto General del Estado (PGE) reformulado de Bs 390.000 millones, que ratifica la reducci\u00f3n del gasto p\u00fablico en cerca del 30% e incrementa la asignaci\u00f3n presupuestaria a educaci\u00f3n y salud.<\/p>\n<p style=\"text-align: justify\">El ministro de Econom\u00eda, Jos\u00e9 Gabriel Espinoza, expuso asimismo el balance de los primeros seis meses de la gesti\u00f3n, destacando que \u201cla econom\u00eda va bien, se est\u00e1 ordenando y est\u00e1 reaccionando\u201d.<\/p>\n<p style=\"text-align: justify\">El informe combin\u00f3 datos macroecon\u00f3micos con una definici\u00f3n pol\u00edtica clara sobre el modelo econ\u00f3mico. \u201cVamos a hacer ajustes econ\u00f3micos a la boliviana\u201d, afirm\u00f3 el Ministro y remarc\u00f3 que el Ejecutivo optar\u00e1 por un ajuste fiscal sin recurrir a incrementos de impuestos a manera de \u201cimpuestazos\u201d ni medidas que trasladen el costo a la poblaci\u00f3n.<\/p>\n<p style=\"text-align: justify\">Espinoza explic\u00f3 que el presupuesto vigente fue elaborado por la anterior administraci\u00f3n y conten\u00eda proyecciones infladas de ingresos, lo que \u2013seg\u00fan dijo\u2013 gener\u00f3 distorsiones que hoy afectan a los distintos niveles de Gobierno. \u201cNos dejaron un presupuesto que inflaba los ingresos en casi Bs 15.000 millones en bonos que no se iban a poder colocar\u201d, observ\u00f3.<\/p>\n<p style=\"text-align: justify\">En contraste, Espinoza sostuvo que el nuevo enfoque se basa en cifras realistas y en la construcci\u00f3n de acuerdos para enfrentar el d\u00e9ficit fiscal.<\/p>\n<p style=\"text-align: justify\">En ese marco, destac\u00f3 que el Gobierno central ejecut\u00f3 un recorte superior a los Bs 4.100 millones en gasto corriente, como parte de un esfuerzo para reducir el d\u00e9ficit sin afectar \u00e1reas estrat\u00e9gicas. A la par, se\u00f1al\u00f3 que se incrementaron recursos para salud y educaci\u00f3n, incluyendo la creaci\u00f3n de nuevos \u00edtems para ambos sectores, en una l\u00f3gica que \u2013seg\u00fan indic\u00f3\u2013 busca priorizar la inversi\u00f3n social por encima del gasto administrativo.<\/p>\n<p style=\"text-align: justify\">Inflaci\u00f3n y tipo de cambio<\/p>\n<p style=\"text-align: justify\">El ministro tambi\u00e9n defendi\u00f3 los resultados alcanzados en poco m\u00e1s de 120 d\u00edas de gesti\u00f3n. Indic\u00f3 que la inflaci\u00f3n, que bordeaba el 20% al inicio del gobierno, muestra una tendencia a la baja, mientras que la econom\u00eda registra un super\u00e1vit comercial y un super\u00e1vit fiscal en el primer trimestre. Asimismo, remarc\u00f3 que la reducci\u00f3n del ritmo de emisi\u00f3n monetaria permiti\u00f3 contener la presi\u00f3n inflacionaria y estabilizar variables clave.<\/p>\n<p style=\"text-align: justify\">Otro de los ejes de su exposici\u00f3n fue el ordenamiento del mercado cambiario. Espinoza asegur\u00f3 que la unificaci\u00f3n de tipos de cambio y la introducci\u00f3n de un valor referencial del d\u00f3lar permitieron devolver transparencia al sistema, tras un periodo caracterizado por m\u00faltiples cotizaciones y distorsiones. A esto sum\u00f3 la devoluci\u00f3n progresiva de dep\u00f3sitos en d\u00f3lares y la normalizaci\u00f3n del uso de tarjetas para transacciones en el exterior como se\u00f1ales de recuperaci\u00f3n de la confianza.<\/p>\n<p style=\"text-align: justify\">RECAUDACI\u00d3N TRIBUTARIA<\/p>\n<p style=\"text-align: justify\">El titular de Econom\u00eda tambi\u00e9n puso \u00e9nfasis en el comportamiento de la actividad econ\u00f3mica. Dijo que la recaudaci\u00f3n tributaria creci\u00f3 m\u00e1s de un 20% en el primer trimestre y que el ahorro en el sistema financiero mostr\u00f3 una recuperaci\u00f3n, lo que \u2013seg\u00fan su lectura\u2013 refleja una mejora en la capacidad de consumo y en la din\u00e1mica econ\u00f3mica.<\/p>\n<p style=\"text-align: justify\">En el plano fiscal, sostuvo que el pa\u00eds logr\u00f3 revertir la tendencia de d\u00e9ficit elevado, pasando de proyecciones cercanas al 16% del Producto Interno Bruto (PIB) a un nivel en torno al 9%, lo que representa \u2013seg\u00fan el ministro\u2013 una reducci\u00f3n significativa en pocos meses. Este ajuste, insisti\u00f3, se concentra en el Gobierno central y abre la puerta a un proceso de coordinaci\u00f3n con gobiernos subnacionales.<\/p>\n<p style=\"text-align: justify\">PRESENTACI\u00d3N A LA ALP<\/p>\n<p style=\"text-align: justify\">La presentaci\u00f3n tambi\u00e9n incluy\u00f3 una se\u00f1al pol\u00edtica hacia el futuro inmediato.<\/p>\n<p style=\"text-align: justify\">Espinoza indic\u00f3 que el Ejecutivo est\u00e1 dispuesto a explicar el Presupuesto en la Asamblea Legislativa y a sostener un di\u00e1logo con distintos actores para consolidar el proceso de estabilizaci\u00f3n.<\/p>\n<p style=\"text-align: justify\">\u201cNosotros ya hemos enviado la ley, tanto el proyecto de ley como el presupuesto a la Asamblea, entiendo que la Asamblea tiene sus plazos y seguramente va a llamarnos las pr\u00f3ximas semanas para que podamos explicar el presupuesto\u201d, manifest\u00f3 el ministro Espinoza.<\/p>\n<p style=\"text-align: justify\">El balance se da en un contexto de movilizaci\u00f3n social previo al 1 de mayo, aunque el ministro centr\u00f3 su intervenci\u00f3n en los avances econ\u00f3micos y en la necesidad de sostener un modelo que, seg\u00fan afirm\u00f3, busca estabilizar la econom\u00eda sin repetir los costos sociales de ajustes anteriores.<\/p>\n<p style=\"text-align: justify\">CIFRAS<\/p>\n<p style=\"text-align: justify\">* Bs 4.100 millones de recorte del gasto corriente.<\/p>\n<p style=\"text-align: justify\">* Bs 2.101 millones de super\u00e1vit fiscal al primer trimestre de 2026.<\/p>\n<p style=\"text-align: justify\">* Bs 1.000 millones de bolivianos adicionales en presupuesto para salud y educaci\u00f3n.<\/p>\n<p style=\"text-align: justify\">* 3.000 \u00edtems para educaci\u00f3n, 2.400 para salud y m\u00e1s de 1.500 para seguridad.<\/p>\n<p style=\"text-align: justify\">RESERVAS<\/p>\n<p style=\"text-align: justify\">El ministro Jos\u00e9 Gabriel Espinoza dijo que el Gobierno recibi\u00f3 reservas internacionales l\u00edquidas inferiores a $us 50 millones, en medio de uno de los momentos m\u00e1s complejos para la econom\u00eda. En marzo, Bolivia deb\u00eda cumplir obligaciones externas por m\u00e1s de $us 530 millones, incluyendo el pago de bonos soberanos y deuda externa. Pese a ese escenario, \u201cel Gobierno cumpli\u00f3 sus obligaciones internacionales y logr\u00f3 preservar la estabilidad financiera\u201d, dijo.<\/p>\n","protected":false},"excerpt":{"rendered":"<p>El Gobierno present\u00f3 este martes a la Asamblea Legislativa Plurinacional (ALP) el Presupuesto General del Estado (PGE) reformulado de Bs 390.000 millones, que ratifica la reducci\u00f3n del gasto p\u00fablico en cerca del 30% e incrementa la asignaci\u00f3n presupuestaria a educaci\u00f3n y salud. El ministro de Econom\u00eda, Jos\u00e9 Gabriel Espinoza, expuso asimismo el balance de los [&hellip;]<\/p>\n","protected":false},"author":1,"featured_media":86571,"comment_status":"closed","ping_status":"open","sticky":false,"template":"","format":"standard","meta":{"footnotes":""},"categories":[25],"tags":[],"class_list":{"0":"post-86570","1":"post","2":"type-post","3":"status-publish","4":"format-standard","5":"has-post-thumbnail","7":"category-economia"},"_links":{"self":[{"href":"https:\/\/jms.com.bo\/mediamonitor\/wp-json\/wp\/v2\/posts\/86570","targetHints":{"allow":["GET"]}}],"collection":[{"href":"https:\/\/jms.com.bo\/mediamonitor\/wp-json\/wp\/v2\/posts"}],"about":[{"href":"https:\/\/jms.com.bo\/mediamonitor\/wp-json\/wp\/v2\/types\/post"}],"author":[{"embeddable":true,"href":"https:\/\/jms.com.bo\/mediamonitor\/wp-json\/wp\/v2\/users\/1"}],"replies":[{"embeddable":true,"href":"https:\/\/jms.com.bo\/mediamonitor\/wp-json\/wp\/v2\/comments?post=86570"}],"version-history":[{"count":0,"href":"https:\/\/jms.com.bo\/mediamonitor\/wp-json\/wp\/v2\/posts\/86570\/revisions"}],"wp:featuredmedia":[{"embeddable":true,"href":"https:\/\/jms.com.bo\/mediamonitor\/wp-json\/wp\/v2\/media\/86571"}],"wp:attachment":[{"href":"https:\/\/jms.com.bo\/mediamonitor\/wp-json\/wp\/v2\/media?parent=86570"}],"wp:term":[{"taxonomy":"category","embeddable":true,"href":"https:\/\/jms.com.bo\/mediamonitor\/wp-json\/wp\/v2\/categories?post=86570"},{"taxonomy":"post_tag","embeddable":true,"href":"https:\/\/jms.com.bo\/mediamonitor\/wp-json\/wp\/v2\/tags?post=86570"}],"curies":[{"name":"wp","href":"https:\/\/api.w.org\/{rel}","templated":true}]}}