{"id":86575,"date":"2026-04-30T08:15:29","date_gmt":"2026-04-30T12:15:29","guid":{"rendered":"https:\/\/mediamonitorbo.com.bo\/?p=21397"},"modified":"2026-04-30T08:15:29","modified_gmt":"2026-04-30T12:15:29","slug":"presidente-paz-anuncia-que-el-bid-aprobo-us-800-millones-para-bolivia","status":"publish","type":"post","link":"https:\/\/jms.com.bo\/mediamonitor\/2026\/04\/30\/presidente-paz-anuncia-que-el-bid-aprobo-us-800-millones-para-bolivia\/","title":{"rendered":"Presidente Paz anuncia que el BID aprob\u00f3 $us 800 millones para Bolivia"},"content":{"rendered":"<p style=\"text-align: justify\">El presidente de Bolivia, Rodrigo Paz, anunci\u00f3 este mi\u00e9rcoles la aprobaci\u00f3n de un paquete de financiamiento por $us 800 millones por parte del Banco Interamericano de Desarrollo (BID), destinado a fortalecer la protecci\u00f3n social, el sistema de salud, la educaci\u00f3n y la infraestructura vial en el pa\u00eds.<\/p>\n<p style=\"text-align: justify\">El mandatario destac\u00f3 que este respaldo representa una se\u00f1al de confianza de organismos internacionales en el desarrollo de Bolivia. \u201cEste apoyo demuestra que instituciones de primer nivel creen y apuestan decididamente por el futuro de nuestro pa\u00eds\u201d, afirm\u00f3, tras sostener un encuentro con el vicepresidente ejecutivo del BID, Jordan Schwartz.<\/p>\n<p style=\"text-align: justify\">Seg\u00fan explic\u00f3 Paz, los recursos estar\u00e1n orientados a sectores clave como la atenci\u00f3n a adultos mayores, mujeres y ni\u00f1os, adem\u00e1s de proyectos de construcci\u00f3n y reconstrucci\u00f3n de carreteras, especialmente tras los da\u00f1os provocados por las recientes lluvias. Tambi\u00e9n se prev\u00e9 la inversi\u00f3n en hospitales, unidades educativas y otras obras de impacto social.<\/p>\n<p style=\"text-align: justify\">Por su parte, Schwartz confirm\u00f3 que el financiamiento ya fue aprobado por el directorio del BID y remarc\u00f3 que se trata de un primer paso dentro de un proceso m\u00e1s amplio de cooperaci\u00f3n. \u201cEstamos ac\u00e1 con un paquete reci\u00e9n aprobado de 800 millones de d\u00f3lares en protecci\u00f3n social y salud, pero es solamente el primer paso; tenemos mucho m\u00e1s que hacer\u201d, sostuvo.<\/p>\n<p style=\"text-align: justify\">Schwartz asegur\u00f3 que el BID respalda la direcci\u00f3n de las pol\u00edticas impulsadas por el Gobierno boliviano y reiter\u00f3 el compromiso de continuar apoyando al pa\u00eds en futuras iniciativas. \u201cEstamos ac\u00e1 para apoyarles completamente\u201d, enfatiz\u00f3.<\/p>\n<p style=\"text-align: justify\">El Gobierno prev\u00e9 que estos recursos permitan dinamizar la econom\u00eda, mejorar los servicios b\u00e1sicos y fortalecer la infraestructura nacional en un contexto marcado por desaf\u00edos clim\u00e1ticos y demandas sociales crecientes.<\/p>\n","protected":false},"excerpt":{"rendered":"<p>El presidente de Bolivia, Rodrigo Paz, anunci\u00f3 este mi\u00e9rcoles la aprobaci\u00f3n de un paquete de financiamiento por $us 800 millones por parte del Banco Interamericano de Desarrollo (BID), destinado a fortalecer la protecci\u00f3n social, el sistema de salud, la educaci\u00f3n y la infraestructura vial en el pa\u00eds. El mandatario destac\u00f3 que este respaldo representa una [&hellip;]<\/p>\n","protected":false},"author":1,"featured_media":86576,"comment_status":"closed","ping_status":"open","sticky":false,"template":"","format":"standard","meta":{"footnotes":""},"categories":[25,45,48],"tags":[],"class_list":{"0":"post-86575","1":"post","2":"type-post","3":"status-publish","4":"format-standard","5":"has-post-thumbnail","7":"category-economia","8":"category-portada-economia","9":"category-portada-general-sitio"},"_links":{"self":[{"href":"https:\/\/jms.com.bo\/mediamonitor\/wp-json\/wp\/v2\/posts\/86575","targetHints":{"allow":["GET"]}}],"collection":[{"href":"https:\/\/jms.com.bo\/mediamonitor\/wp-json\/wp\/v2\/posts"}],"about":[{"href":"https:\/\/jms.com.bo\/mediamonitor\/wp-json\/wp\/v2\/types\/post"}],"author":[{"embeddable":true,"href":"https:\/\/jms.com.bo\/mediamonitor\/wp-json\/wp\/v2\/users\/1"}],"replies":[{"embeddable":true,"href":"https:\/\/jms.com.bo\/mediamonitor\/wp-json\/wp\/v2\/comments?post=86575"}],"version-history":[{"count":0,"href":"https:\/\/jms.com.bo\/mediamonitor\/wp-json\/wp\/v2\/posts\/86575\/revisions"}],"wp:featuredmedia":[{"embeddable":true,"href":"https:\/\/jms.com.bo\/mediamonitor\/wp-json\/wp\/v2\/media\/86576"}],"wp:attachment":[{"href":"https:\/\/jms.com.bo\/mediamonitor\/wp-json\/wp\/v2\/media?parent=86575"}],"wp:term":[{"taxonomy":"category","embeddable":true,"href":"https:\/\/jms.com.bo\/mediamonitor\/wp-json\/wp\/v2\/categories?post=86575"},{"taxonomy":"post_tag","embeddable":true,"href":"https:\/\/jms.com.bo\/mediamonitor\/wp-json\/wp\/v2\/tags?post=86575"}],"curies":[{"name":"wp","href":"https:\/\/api.w.org\/{rel}","templated":true}]}}