{"id":86577,"date":"2026-04-30T08:16:45","date_gmt":"2026-04-30T12:16:45","guid":{"rendered":"https:\/\/mediamonitorbo.com.bo\/?p=21400"},"modified":"2026-04-30T08:16:45","modified_gmt":"2026-04-30T12:16:45","slug":"preven-que-el-25-de-mayo-aprueben-la-ley-del-carrizal","status":"publish","type":"post","link":"https:\/\/jms.com.bo\/mediamonitor\/2026\/04\/30\/preven-que-el-25-de-mayo-aprueben-la-ley-del-carrizal\/","title":{"rendered":"Prev\u00e9n que el 25 de mayo aprueben la Ley del Carrizal"},"content":{"rendered":"<p style=\"text-align: justify\">C\u00edvicos y parlamentarios de Chuquisaca y Tarija conf\u00edan en que el pr\u00f3ximo 25 de mayo ser\u00e1 aprobada en Sucre la \u201cLey de Creaci\u00f3n de la Unidad Ejecutora del Carrizal\u201d, que impulsar\u00e1 la ejecuci\u00f3n de este proyecto, por la Asamblea Legislativa Plurinacional (ALP). Mientras tanto, este s\u00e1bado realizar\u00e1n una inspecci\u00f3n conjunta al lugar donde se pretende emplazar la obra.<\/p>\n<p style=\"text-align: justify\">Esta normativa fue presentada por los comit\u00e9s c\u00edvicos de ambos departamentos a la C\u00e1mara Alta el pasado 13 de abril tras una reuni\u00f3n de coordinaci\u00f3n.<\/p>\n<p style=\"text-align: justify\">El presidente del Comit\u00e9 C\u00edvico de Defensa de Intereses de Chuquisaca, Cliver P\u00e9rez, explic\u00f3 que en una agenda de trabajo conjunto, para la concreci\u00f3n del proyecto de la Hidroel\u00e9ctrica El Carrizal, se contemplaron tres puntos clave.<\/p>\n<p style=\"text-align: justify\">\u201cEl primero fue la presentaci\u00f3n de la ley para crear la Unidad Ejecutora del proyecto El Carrizal\u201d, revel\u00f3.<\/p>\n<p style=\"text-align: justify\">INSPECCI\u00d3N<\/p>\n<p style=\"text-align: justify\">Como segundo punto, este s\u00e1bado se llevar\u00e1 a cabo la inspecci\u00f3n in situ entre los c\u00edvicos y parlamentarios de Chuquisaca y Tarija. Inicialmente estaba programada para el martes 28 de abril, pero fue reprogramada por la entrega de credenciales del \u00d3rgano Electoral a las nuevas autoridades.<\/p>\n<p style=\"text-align: justify\">\u201cEl objetivo de esta inspecci\u00f3n es que tenemos varias autoridades nuevas que no conocen el \u00e1rea correspondiente donde se construir\u00e1 el proyecto y, para poder impulsarlo, no solamente es conocer el proyecto en el escritorio, sino tambi\u00e9n ir a ver el campo (sic)\u201d, afirm\u00f3 P\u00e9rez.<\/p>\n<p style=\"text-align: justify\">Anticip\u00f3 que desde Chuquisaca partir\u00e1n dos buses este viernes a las 20:00. Y agreg\u00f3 que se cursaron invitaciones a todas las instituciones para que deleguen a uno o dos representantes. El viaje ser\u00e1 hasta el municipio de Culpina, donde se unir\u00e1n con la delegaci\u00f3n de Tarija.<\/p>\n<p style=\"text-align: justify\">Dijo que despu\u00e9s se har\u00e1 un recorrido por el lugar, que se encuentra entre los departamentos de Chuquisaca y Tarija abarcando los municipios de Culpina y Villa Abecia, de la provincia Sud Cinti en Chuquisaca, y Tomayapo (El Puente) y Villa San Lorenzo, de la provincia Eustaquio M\u00e9ndez, en Tarija, sobre el r\u00edo Camblaya.<\/p>\n<p style=\"text-align: justify\">Finalmente, como tercer punto, P\u00e9rez anticip\u00f3 que el 24 de mayo habr\u00e1 un encuentro bidepartamental con la participaci\u00f3n del gobernador electo de Chuquisaca, Luis Ayll\u00f3n, y su colega de Tarija, Mar\u00eda Ren\u00e9 Soruco, adem\u00e1s de c\u00edvicos, parlamentarios y alcaldes. All\u00ed se prev\u00e9 firmar un acuerdo para impulsar y coordinar de manera conjunta todas las acciones que permitan la consolidaci\u00f3n de El Carrizal.<\/p>\n<p style=\"text-align: justify\">Adem\u00e1s, indic\u00f3 que \u201cconfiamos en que el 25 de mayo sea aprobado aqu\u00ed, en la capital del pa\u00eds, este proyecto. Presionaremos para ello\u201d.<\/p>\n<p style=\"text-align: justify\">La Hidroel\u00e9ctrica del Carrizal est\u00e1 contemplada como uno de los cuatro proyectos de prioridad para Chuquisaca, que ser\u00e1n incluidos en la Agenda de Mayo.<\/p>\n<p style=\"text-align: justify\">UNIDAD<\/p>\n<p style=\"text-align: justify\">El presidente del Comit\u00e9 C\u00edvico de Chuquisaca, Cliver P\u00e9rez, dijo que se firm\u00f3 un acuerdo de unidad con Tarija para realizar, de manera conjunta, todas las actividades que impulsen la consolidaci\u00f3n de la Hidroel\u00e9ctrica del Carrizal.<\/p>\n","protected":false},"excerpt":{"rendered":"<p>C\u00edvicos y parlamentarios de Chuquisaca y Tarija conf\u00edan en que el pr\u00f3ximo 25 de mayo ser\u00e1 aprobada en Sucre la \u201cLey de Creaci\u00f3n de la Unidad Ejecutora del Carrizal\u201d, que impulsar\u00e1 la ejecuci\u00f3n de este proyecto, por la Asamblea Legislativa Plurinacional (ALP). Mientras tanto, este s\u00e1bado realizar\u00e1n una inspecci\u00f3n conjunta al lugar donde se pretende [&hellip;]<\/p>\n","protected":false},"author":1,"featured_media":86578,"comment_status":"closed","ping_status":"open","sticky":false,"template":"","format":"standard","meta":{"footnotes":""},"categories":[39,44,48],"tags":[],"class_list":{"0":"post-86577","1":"post","2":"type-post","3":"status-publish","4":"format-standard","5":"has-post-thumbnail","7":"category-energia","8":"category-portada-energia","9":"category-portada-general-sitio"},"_links":{"self":[{"href":"https:\/\/jms.com.bo\/mediamonitor\/wp-json\/wp\/v2\/posts\/86577","targetHints":{"allow":["GET"]}}],"collection":[{"href":"https:\/\/jms.com.bo\/mediamonitor\/wp-json\/wp\/v2\/posts"}],"about":[{"href":"https:\/\/jms.com.bo\/mediamonitor\/wp-json\/wp\/v2\/types\/post"}],"author":[{"embeddable":true,"href":"https:\/\/jms.com.bo\/mediamonitor\/wp-json\/wp\/v2\/users\/1"}],"replies":[{"embeddable":true,"href":"https:\/\/jms.com.bo\/mediamonitor\/wp-json\/wp\/v2\/comments?post=86577"}],"version-history":[{"count":0,"href":"https:\/\/jms.com.bo\/mediamonitor\/wp-json\/wp\/v2\/posts\/86577\/revisions"}],"wp:featuredmedia":[{"embeddable":true,"href":"https:\/\/jms.com.bo\/mediamonitor\/wp-json\/wp\/v2\/media\/86578"}],"wp:attachment":[{"href":"https:\/\/jms.com.bo\/mediamonitor\/wp-json\/wp\/v2\/media?parent=86577"}],"wp:term":[{"taxonomy":"category","embeddable":true,"href":"https:\/\/jms.com.bo\/mediamonitor\/wp-json\/wp\/v2\/categories?post=86577"},{"taxonomy":"post_tag","embeddable":true,"href":"https:\/\/jms.com.bo\/mediamonitor\/wp-json\/wp\/v2\/tags?post=86577"}],"curies":[{"name":"wp","href":"https:\/\/api.w.org\/{rel}","templated":true}]}}