{"id":8698,"date":"2021-07-21T06:00:27","date_gmt":"2021-07-21T10:00:27","guid":{"rendered":"https:\/\/jms.com.bo\/mediamonitor\/2021\/07\/21\/comerciantes-compran-hortalizas-que-llegan-de-contrabando-a-pedido\/"},"modified":"2021-07-21T06:00:27","modified_gmt":"2021-07-21T10:00:27","slug":"comerciantes-compran-hortalizas-que-llegan-de-contrabando-a-pedido","status":"publish","type":"post","link":"https:\/\/jms.com.bo\/mediamonitor\/2021\/07\/21\/comerciantes-compran-hortalizas-que-llegan-de-contrabando-a-pedido\/","title":{"rendered":"Comerciantes compran hortalizas que llegan de contrabando \u2018a pedido\u2019"},"content":{"rendered":"<p style=\"text-align: justify;\">A pesar de haberse achicado la frecuencia de llegada de productos agr\u00edcolas de contrabando a Santa Cruz, la venta de hortalizas como la papa y la cebolla, procedentes del Per\u00fa, contin\u00faa vendi\u00e9ndose, pero ahora \u201ca pedido\u201d del cliente. As\u00ed lo confirm\u00f3 EL DEBER en un sondeo realizado por el mercado mayorista Abasto, donde los comerciantes consultados confesaron que \u00faltimamente llega papa solo para entregas espec\u00edficas y ya no para venta libre.<\/p>\n<p style=\"text-align: justify;\">Esta situaci\u00f3n se da a pesar de que los precios del producto extranjero est\u00e1n por encima de los nacionales, que oscilan entre Bs 22 y 30 por arroba, dependiendo del tama\u00f1o y la calidad del tub\u00e9rculo. \u201cSon los polleros (los restaurantes que venden pollo) los que llevan la papa peruana, porque es m\u00e1s grande para servir papa frita\u201d, asegur\u00f3 una comerciante que no quiso identificarse.<\/p>\n<p style=\"text-align: justify;\">Otra intermediaria, conocida por importar papa peruana, visiblemente molesta por la consulta, manifest\u00f3 que las importaciones que realiza son absolutamente legales y \u201ccon p\u00f3liza\u201d y descalific\u00f3 las protestas de los productores en Cochabamba: \u201cEllos no saben c\u00f3mo uno importa. Nosotros pagamos impuestos en la Aduana y ellos no aportan nada\u201d, opin\u00f3.<\/p>\n<p style=\"text-align: justify;\">El presidente de la Asociaci\u00f3n de Horticultores y Fruticultores de Santa Cruz (Asohfrut), Iver Miranda, confirm\u00f3 que luego de las denuncias de los sectores productivos, la importaci\u00f3n de hortalizas de contrabando baj\u00f3 desde hace unos 30 d\u00edas, pero volvi\u00f3 a subir hace un par de semanas. Sugiri\u00f3 que las autoridades como la Aduana bajaron la guardia, por lo que se tomaron medidas de protesta como la que se realiza en Parotani, Cochabamba.<\/p>\n<p style=\"text-align: justify;\">\u201cLo m\u00e1s com\u00fan que entra de contrabando es la papa y la cebolla y en Santa Cruz, en la zona de los Valles lo que m\u00e1s cultivamos es la papa, por lo que nos perjudica much\u00edsimo\u201d, dijo Miranda, al confirmar que son los restaurantes los que prefieren el tub\u00e9rculo por su tama\u00f1o, sobre todo.<\/p>\n<p style=\"text-align: justify;\">En el mercado Abasto (nuevo) llega papa procedente de Saipina y Mizque, pero en el mercado Abasto (antiguo) se puede encontrar la \u201cpapa s\u00faper\u201d, similar en tama\u00f1o a la peruana, que llega desde Moro Moro, a un precio de Bs 34 por arroba. \u201cYa estamos implementando la misma semilla, la misma alternativa y estamos logrando producir la misma calidad de la papa peruana. Para solventar este problema (contrabando) tenemos que producir mejor. No nos queda m\u00e1s\u201d, consider\u00f3 el presidente de Asohfrut.<\/p>\n<p style=\"text-align: justify;\">Desde el Viceministerio de Lucha Contra el Contrabando, manifestaron escuetamente que existe un nuevo Comando Especial de Lucha Contra el Contrabando Agr\u00edcola, que opera en la frontera con Per\u00fa. \u00c9ste desarrolla trabajos operativos contra la internaci\u00f3n ilegal de productos, a la vez que la Aduana Nacional est\u00e1 aplicando el incremento de aranceles para frenar este tipo de il\u00edcitos.<\/p>\n<p style=\"text-align: justify;\">Por su parte, el presidente de los Productores de Ma\u00edz y Sorgo (Promasor), Mario Moreno, lament\u00f3 que despu\u00e9s de una pausa en el contrabando de ma\u00edz, este cereal ha vuelto a ingresar de forma ilegal desde la Argentina. Acus\u00f3 a los contrabandistas de atentar contra la producci\u00f3n nacional, que hab\u00eda registrado una leve recuperaci\u00f3n de sus precios, hasta Bs 65 por quintal (45 kilos), mientras que el ma\u00edz transg\u00e9nico argentino, en origen, puede llegar a costar hasta Bs 30.<\/p>\n<p style=\"text-align: justify;\">PERSISTE EL BLOQUEO ANTE LA AUSENCIA DEL VICEMINISTRO<br \/>\nHasta el cierre de la presente edici\u00f3n, los productores de hortalizas del Valle Bajo de Cochabamba, manten\u00edan el bloqueo carretero en la localidad de Parotani, en el kil\u00f3metro 90 sobre la carretera a La Paz.<\/p>\n<p style=\"text-align: justify;\">En horas de la tarde se esperaba al titular del Viceministerio de Lucha Contra el Contrabando, Daniel Vargas, quien deber\u00eda sostener una reuni\u00f3n con los dirigentes, pero hasta horas de la noche no se hab\u00eda hecho presente. Personeros de esa repartici\u00f3n estatal indicaron que pudo haber inconvenientes en el vuelo desde la ciudad de El Alto hasta Cochabamba, por lo que el viaje se lo debi\u00f3 realizar v\u00eda terrestre.<\/p>\n<p style=\"text-align: justify;\">El representante de los productores, Armando C\u00e9spedes, denunci\u00f3 que el Gobierno prefiere dialogar solo con sectores afines al Movimiento Al Socialismo (MAS), por lo que desconocieron a la Federaci\u00f3n Departamental de Regantes de Cochabamba y la Federaci\u00f3n Sindical \u00danica de Trabajadores Campesinos. Asimismo, en la estaci\u00f3n Oconi, los productores, amenazaron con radicalizar las medidas de presi\u00f3n.<\/p>\n","protected":false},"excerpt":{"rendered":"<p>A pesar de haberse achicado la frecuencia de llegada de productos agr\u00edcolas de contrabando a Santa Cruz, la venta de hortalizas como la papa y la cebolla, procedentes del Per\u00fa, contin\u00faa vendi\u00e9ndose, pero ahora \u201ca pedido\u201d del cliente. As\u00ed lo confirm\u00f3 EL DEBER en un sondeo realizado por el mercado mayorista Abasto, donde los comerciantes [&hellip;]<\/p>\n","protected":false},"author":4,"featured_media":8699,"comment_status":"open","ping_status":"open","sticky":false,"template":"","format":"standard","meta":{"footnotes":""},"categories":[52],"tags":[],"class_list":{"0":"post-8698","1":"post","2":"type-post","3":"status-publish","4":"format-standard","5":"has-post-thumbnail","7":"category-alimentos-agroindustria"},"_links":{"self":[{"href":"https:\/\/jms.com.bo\/mediamonitor\/wp-json\/wp\/v2\/posts\/8698","targetHints":{"allow":["GET"]}}],"collection":[{"href":"https:\/\/jms.com.bo\/mediamonitor\/wp-json\/wp\/v2\/posts"}],"about":[{"href":"https:\/\/jms.com.bo\/mediamonitor\/wp-json\/wp\/v2\/types\/post"}],"author":[{"embeddable":true,"href":"https:\/\/jms.com.bo\/mediamonitor\/wp-json\/wp\/v2\/users\/4"}],"replies":[{"embeddable":true,"href":"https:\/\/jms.com.bo\/mediamonitor\/wp-json\/wp\/v2\/comments?post=8698"}],"version-history":[{"count":0,"href":"https:\/\/jms.com.bo\/mediamonitor\/wp-json\/wp\/v2\/posts\/8698\/revisions"}],"wp:featuredmedia":[{"embeddable":true,"href":"https:\/\/jms.com.bo\/mediamonitor\/wp-json\/wp\/v2\/media\/8699"}],"wp:attachment":[{"href":"https:\/\/jms.com.bo\/mediamonitor\/wp-json\/wp\/v2\/media?parent=8698"}],"wp:term":[{"taxonomy":"category","embeddable":true,"href":"https:\/\/jms.com.bo\/mediamonitor\/wp-json\/wp\/v2\/categories?post=8698"},{"taxonomy":"post_tag","embeddable":true,"href":"https:\/\/jms.com.bo\/mediamonitor\/wp-json\/wp\/v2\/tags?post=8698"}],"curies":[{"name":"wp","href":"https:\/\/api.w.org\/{rel}","templated":true}]}}