{"id":8700,"date":"2021-07-21T06:02:09","date_gmt":"2021-07-21T10:02:09","guid":{"rendered":"https:\/\/jms.com.bo\/mediamonitor\/2021\/07\/21\/soyeros-reclaman-reunion-con-el-gobierno-ante-problemas-causados-por-heladas-y-sequia\/"},"modified":"2021-07-21T06:02:09","modified_gmt":"2021-07-21T10:02:09","slug":"soyeros-reclaman-reunion-con-el-gobierno-ante-problemas-causados-por-heladas-y-sequia","status":"publish","type":"post","link":"https:\/\/jms.com.bo\/mediamonitor\/2021\/07\/21\/soyeros-reclaman-reunion-con-el-gobierno-ante-problemas-causados-por-heladas-y-sequia\/","title":{"rendered":"Soyeros reclaman reuni\u00f3n con el Gobierno ante problemas causados por heladas y sequ\u00eda"},"content":{"rendered":"<p style=\"text-align: justify;\">Los productores de soya aglutinados en la Asociaci\u00f3n de Productores de Oleaginosas y Trigo (Anapo) demandaron al Gobierno y a los ministerios del \u00e1rea, iniciar un di\u00e1logo para exponer la problem\u00e1tica por la que atraviesan a ra\u00edz de las heladas y la sequ\u00eda que ya se siente en algunas regiones de Santa Cruz.<\/p>\n<p style=\"text-align: justify;\">El presidente de Anapo, Fidel Flores, lament\u00f3 que no se haya convocado a su sector en la reuni\u00f3n sostenida ayer entre el Presidente del Estado, Luis Arce, y peque\u00f1os productores en Santa Cruz, pero manifest\u00f3 que contin\u00faa abierto al di\u00e1logo, tal como lo manifestaron, mediante carta, ante el Ministerio de Desarrollo Rural y Tierras.<\/p>\n<p style=\"text-align: justify;\">Flores explic\u00f3 que se concluy\u00f3 una evaluaci\u00f3n t\u00e9cnica, en la que se calcularon p\u00e9rdidas por $us 280 millones debido a la reducci\u00f3n de la cosecha de invierno, con una diferencia menor de 1,4 millones de toneladas de granos. \u201cEsto se debe a las condiciones clim\u00e1ticas adversas, la helada y la sequ\u00eda han afectado bastante\u201d, indic\u00f3 el dirigente soyero.<\/p>\n<p style=\"text-align: justify;\">Cit\u00f3, por ejemplo, que el a\u00f1o pasado se cosecharon tres toneladas de ma\u00edz por hect\u00e1rea y este a\u00f1o se prev\u00e9 cosechar una y media. En sorgo, se cosech\u00f3 2,8 toneladas por hect\u00e1rea y para el presente a\u00f1o las proyecciones estiman una tonelada.<\/p>\n<p style=\"text-align: justify;\">Por otra parte, tambi\u00e9n mencion\u00f3 que otros sectores como la banca, el transporte y el comercio de insumos se ver\u00e1n afectados en sus ingresos.<\/p>\n<p style=\"text-align: justify;\">\n","protected":false},"excerpt":{"rendered":"<p>Los productores de soya aglutinados en la Asociaci\u00f3n de Productores de Oleaginosas y Trigo (Anapo) demandaron al Gobierno y a los ministerios del \u00e1rea, iniciar un di\u00e1logo para exponer la problem\u00e1tica por la que atraviesan a ra\u00edz de las heladas y la sequ\u00eda que ya se siente en algunas regiones de Santa Cruz. El presidente [&hellip;]<\/p>\n","protected":false},"author":4,"featured_media":8701,"comment_status":"open","ping_status":"open","sticky":false,"template":"","format":"standard","meta":{"footnotes":""},"categories":[52],"tags":[],"class_list":{"0":"post-8700","1":"post","2":"type-post","3":"status-publish","4":"format-standard","5":"has-post-thumbnail","7":"category-alimentos-agroindustria"},"_links":{"self":[{"href":"https:\/\/jms.com.bo\/mediamonitor\/wp-json\/wp\/v2\/posts\/8700","targetHints":{"allow":["GET"]}}],"collection":[{"href":"https:\/\/jms.com.bo\/mediamonitor\/wp-json\/wp\/v2\/posts"}],"about":[{"href":"https:\/\/jms.com.bo\/mediamonitor\/wp-json\/wp\/v2\/types\/post"}],"author":[{"embeddable":true,"href":"https:\/\/jms.com.bo\/mediamonitor\/wp-json\/wp\/v2\/users\/4"}],"replies":[{"embeddable":true,"href":"https:\/\/jms.com.bo\/mediamonitor\/wp-json\/wp\/v2\/comments?post=8700"}],"version-history":[{"count":0,"href":"https:\/\/jms.com.bo\/mediamonitor\/wp-json\/wp\/v2\/posts\/8700\/revisions"}],"wp:featuredmedia":[{"embeddable":true,"href":"https:\/\/jms.com.bo\/mediamonitor\/wp-json\/wp\/v2\/media\/8701"}],"wp:attachment":[{"href":"https:\/\/jms.com.bo\/mediamonitor\/wp-json\/wp\/v2\/media?parent=8700"}],"wp:term":[{"taxonomy":"category","embeddable":true,"href":"https:\/\/jms.com.bo\/mediamonitor\/wp-json\/wp\/v2\/categories?post=8700"},{"taxonomy":"post_tag","embeddable":true,"href":"https:\/\/jms.com.bo\/mediamonitor\/wp-json\/wp\/v2\/tags?post=8700"}],"curies":[{"name":"wp","href":"https:\/\/api.w.org\/{rel}","templated":true}]}}