{"id":8713,"date":"2021-07-21T06:17:22","date_gmt":"2021-07-21T10:17:22","guid":{"rendered":"https:\/\/jms.com.bo\/mediamonitor\/2021\/07\/21\/informe-de-la-cidh-apunta-a-resarcir-danos-a-familiares-de-victimas-de-violencia-de-2019\/"},"modified":"2021-07-21T06:17:22","modified_gmt":"2021-07-21T10:17:22","slug":"informe-de-la-cidh-apunta-a-resarcir-danos-a-familiares-de-victimas-de-violencia-de-2019","status":"publish","type":"post","link":"https:\/\/jms.com.bo\/mediamonitor\/2021\/07\/21\/informe-de-la-cidh-apunta-a-resarcir-danos-a-familiares-de-victimas-de-violencia-de-2019\/","title":{"rendered":"Informe de la CIDH apunta a resarcir da\u00f1os a familiares de v\u00edctimas de violencia de 2019"},"content":{"rendered":"<p style=\"text-align: justify;\">El Grupo Interdisciplinario de Expertos Independientes (GIEI), enviado por la Comisi\u00f3n Interamericana de Derechos Humanos (CIDH) para investigar los hechos de violencia ocurridos en Bolivia entre el 1 de septiembre y el 31 de diciembre de 2019, presentar\u00e1 este viernes su informe final en la Canciller\u00eda en el que remarcar\u00e1, como un eje esencial, el resarcimiento a las v\u00edctimas, pero tambi\u00e9n presentar\u00e1 observaciones a la actuaci\u00f3n de la justicia.<\/p>\n<p style=\"text-align: justify;\">Fuentes consultadas indican que las observaciones al desempe\u00f1o de la justicia pueden dar lugar a recomendaciones.<\/p>\n<p style=\"text-align: justify;\">Seg\u00fan fuentes relacionadas con el proceso, el informe ser\u00e1 vinculante y el GIEI establecer\u00e1 las responsabilidades del Estado boliviano por la violencia de 2019 y plantear\u00e1 un programa de reparaci\u00f3n en favor de las familias que sufrieron p\u00e9rdidas durante esos acontecimientos. El reporte no se limitar\u00e1 a la intervenci\u00f3n militar en Sacaba y Senkata, pues ser\u00e1 el resultado de los hechos posteriores a las fallidas elecciones de octubre de 2019 hasta los acuerdos que firm\u00f3 el gobierno de Jeanine \u00c1\u00f1ez para pacificar el pa\u00eds, a mediados de diciembre de 2012.<\/p>\n<p style=\"text-align: justify;\">\u201cEl informe va a recomendar un plan integral de reparaci\u00f3n y dar\u00e1 las pautas centrales de indemnizaci\u00f3n hacia las familias v\u00edctimas. Hay ni\u00f1os hu\u00e9rfanos. Hay familias que han quedado desprotegidas porque eran mantenidas por las personas fallecidas. Existen da\u00f1os sicol\u00f3gicos\u201d, apunt\u00f3 David Inca, dirigente de la Asamblea de Derechos Humanos de El Alto que acompa\u00f1\u00f3 a los deudos de los fallecidos en Senkata.<\/p>\n<p style=\"text-align: justify;\">\u201cEn este informe recomendar\u00e1n el inicio de juicios penales, civiles y administrativos que correspondan, van a mencionar con nombre y apellido a las personas que han vulnerado derechos humanos, en diferentes grados y tipos penales, en el caso boliviano, y en la tipolog\u00eda internacional de derechos humanos, dependiendo del grado de violaci\u00f3n que ha habido, a la vida, a la libertad, a la expresi\u00f3n, al voto, a una sucesi\u00f3n constitucional, etc\u00e9tera\u201d, dijo el dirigente de Derechos Humanos.<\/p>\n<p style=\"text-align: justify;\">Por su lado, el ministro de Gobierno, Eduardo del Castillo, tambi\u00e9n anticip\u00f3 que el Estado deber\u00e1 asumir una responsabilidad sobre estos casos. \u201cVeremos, seguramente, responsabilidades del Estado, tanto en las muertes de Sacaba, Senkata y Huallani; toda la zona sur de La paz, en Potos\u00ed e incluso Montero (donde murieron dos c\u00edvicos cruce\u00f1os)\u201d, afirm\u00f3 la autoridad.<\/p>\n<p style=\"text-align: justify;\">El ministro prev\u00e9 que el reporte del GIEI se\u00f1ale \u201comisiones\u201d cometidas por el gobierno y las fuerzas del orden cuando Evo Morales era presidente, pero tambi\u00e9n por las \u201cacciones mal llevadas por \u00c1\u00f1ez\u201d. \u201cSe firm\u00f3 un decreto que era pr\u00e1cticamente una licencia para matar\u201d, dijo.<br \/>\n\u201cNos interesa la vida de todas las personas, sean del MAS, de Creemos, de Comunidad Ciudadana; todos los hechos deben investigarse por igual\u201d, afirm\u00f3.<\/p>\n<p style=\"text-align: justify;\">\u201cEs un informe que es esperado por familiares que declaran vulneraci\u00f3n extrema de derechos. Esto ser\u00e1 fundamental para el esclarecimiento de los hechos de 2019\u201d, remarc\u00f3 del Castillo.<\/p>\n<p style=\"text-align: justify;\">El presidente de la C\u00e1mara de Senadores, Andr\u00f3nico Rodr\u00edguez (MAS), afirm\u00f3 que se trata de un informe \u201cvinculante\u201d. La autoridad legislativa record\u00f3 que la CIDH present\u00f3 un informe preliminar el 10 de diciembre de 2019 y estableci\u00f3 \u201cque hubo un uso excesivo de la fuerza, \u201cmasacre\u201d.<\/p>\n<p style=\"text-align: justify;\">En ese marco, record\u00f3 que hace algunos d\u00edas el mismo secretario de la Organizaci\u00f3n de Estados Americanos (OEA), Luis Almagro, \u201cfinalmente reconoci\u00f3 que hubo una masacre\u201d.<\/p>\n<p style=\"text-align: justify;\">\u201cEste informe debe quedar como un ejemplo para no usar la fuerza de manera desmedida contra la poblaci\u00f3n. Esperamos que se genere conciencia y sensibilidad para o usar las fuerzas de coerci\u00f3n contra el pueblo en todos los pa\u00edses de la regi\u00f3n\u201d, dijo.<\/p>\n<p style=\"text-align: justify;\">Frente a esa opini\u00f3n fue consultado sobre la represi\u00f3n que se registra en naciones como Nicaragua y Cuba. Rodr\u00edguez dijo desconocer el origen del conflicto nicarag\u00fcense y resalt\u00f3 la necesidad de respetar la independencia de las naciones de la regi\u00f3n.<\/p>\n<p style=\"text-align: justify;\">El l\u00edder de Comunidad Ciudadana (CC), Carlos Mesa, espera que el reporte de los expertos sea \u201cesclarecedor\u201d.<br \/>\n\u201cSomos respetuosos del organismo internacional. Ojal\u00e1 que el informe sea esclarecedor y ojal\u00e1 que permita mostrar al pa\u00eds un conocimiento adecuado de lo que realmente pas\u00f3 en el proceso desde el fraude, el inicio de la transici\u00f3n y los hechos posteriores hasta Senkata y Sacaba. Somos optimistas y esperamos que el informe sea esclarecedor\u201d, remarc\u00f3.<\/p>\n<p style=\"text-align: justify;\">Inca record\u00f3 que el 10 de diciembre de 2019, la CIDH present\u00f3 un informe preliminar con 16 recomendaciones y una de ellas fue la de crear, justamente, una comisi\u00f3n que esclarezcan los hechos y repare los da\u00f1os.<\/p>\n<p style=\"text-align: justify;\">Resarcimiento<\/p>\n<p style=\"text-align: justify;\">Precisamente, el gobierno de Luis Arce apoy\u00f3 la realizaci\u00f3n de esta investigaci\u00f3n y advirti\u00f3 que esperar\u00eda los resultados para que con ellos se generen los procesos que deb\u00edan instalarse en contra de los responsables de la violencia.<\/p>\n<p style=\"text-align: justify;\">Pero todo se adelant\u00f3. El 12 de mayo, la expresidenta Jeanine \u00c1\u00f1ez fue detenida en Trinidad, y comenz\u00f3 el proceso en su contra por los presuntos delitos de terrorismo, sedici\u00f3n y conspiraci\u00f3n. Pese a que, seg\u00fan algunos abogados constitucionalistas, deber\u00eda ser procesada a trav\u00e9s de un juicio de responsabilidades, supuestas acciones para tomar el poder como senadora la llevaron a la v\u00eda ordinaria y en ese proceso, ella est\u00e1 con detenci\u00f3n preventiva en la c\u00e1rcel del Miraflores, al igual que dos de sus exministros y los excomandantes del Ej\u00e9rcito, de la Armada y de la FAB.<\/p>\n<p style=\"text-align: justify;\">El informe perdi\u00f3 relevancia tras ese hecho. Y m\u00e1s, cuando el 22 de marzo, el ministro de Justicia, Iv\u00e1n Lima, declar\u00f3 que \u201cpodr\u00eda darse contradicciones, que el GIEI diga blanco y la Fiscal\u00eda negro. En ese caso la soberan\u00eda del pa\u00eds va a primar, pero seguramente la credibilidad de la Fiscal\u00eda y del mismo acusador va a quedar seriamente da\u00f1ada\u201d.<\/p>\n<p style=\"text-align: justify;\">En mayo Juli\u00e1n Burger, uno de los expertos del GIEI Bolivia, adelant\u00f3 que se retrasar\u00eda la entrega para julio y prometi\u00f3 un informe \u201cveraz\u201d y \u201cequilibrado\u201d.<\/p>\n<p style=\"text-align: justify;\">En ese \u00e1mbito, al menos tres fuentes confirmaron a este medio que el informe tendr\u00e1 en su contenido un espacio destinado a resumir las observaciones que plantea el GIEI, respecto a la forma en la que la justicia boliviana ha llevado adelante este proceso, aunque se desconoce si es que llegar\u00e1 a considerar si es que hubo o no excesos en este punto.<\/p>\n<p style=\"text-align: justify;\">El abogado de Jeanine \u00c1\u00f1ez, Jorge Valda, anunci\u00f3 que en las \u00faltimas horas present\u00f3 una solicitud de audiencia a esta instancia, para que la expresidenta pueda ampliar su declaraci\u00f3n.<\/p>\n<p style=\"text-align: justify;\">\u201cAgregamos informaci\u00f3n esclarecedora y de reciente obtenci\u00f3n, con \u00faltimos componentes investigativos, el informe de la Conferencia Episcopal, las declaraciones de los integrantes del Alto Mando y otros que nos dan un panorama mucho m\u00e1s claro respecto a un golpe inexistente\u201d, dijo.<\/p>\n<p style=\"text-align: justify;\">El abogado relat\u00f3 que el documento fue dirigido al secretario general del GIEI, Jaime Vidal, y a varios de sus expertos y sus asistentes. \u201cEntiendo que por la premura del tiempo, el viernes entregan el reporte, no se ha podido llevar adelante la reuni\u00f3n, pero estamos expectantes que hayan considerado de manera \u201cobjetiva\u201d los elementos entregados. \u201cRecibieron documentos, audios, videos, y recibimos justamente este martes (ayer), el acuso de recibo de la informaci\u00f3n enviada. Est\u00e1 firmada por el se\u00f1or Vidal. Lo que no respondieron positivamente fue una audiencia\u201d, se\u00f1al\u00f3 Valda.<\/p>\n","protected":false},"excerpt":{"rendered":"<p>El Grupo Interdisciplinario de Expertos Independientes (GIEI), enviado por la Comisi\u00f3n Interamericana de Derechos Humanos (CIDH) para investigar los hechos de violencia ocurridos en Bolivia entre el 1 de septiembre y el 31 de diciembre de 2019, presentar\u00e1 este viernes su informe final en la Canciller\u00eda en el que remarcar\u00e1, como un eje esencial, el [&hellip;]<\/p>\n","protected":false},"author":4,"featured_media":8714,"comment_status":"open","ping_status":"open","sticky":false,"template":"","format":"standard","meta":{"footnotes":""},"categories":[18],"tags":[],"class_list":{"0":"post-8713","1":"post","2":"type-post","3":"status-publish","4":"format-standard","5":"has-post-thumbnail","7":"category-politica"},"_links":{"self":[{"href":"https:\/\/jms.com.bo\/mediamonitor\/wp-json\/wp\/v2\/posts\/8713","targetHints":{"allow":["GET"]}}],"collection":[{"href":"https:\/\/jms.com.bo\/mediamonitor\/wp-json\/wp\/v2\/posts"}],"about":[{"href":"https:\/\/jms.com.bo\/mediamonitor\/wp-json\/wp\/v2\/types\/post"}],"author":[{"embeddable":true,"href":"https:\/\/jms.com.bo\/mediamonitor\/wp-json\/wp\/v2\/users\/4"}],"replies":[{"embeddable":true,"href":"https:\/\/jms.com.bo\/mediamonitor\/wp-json\/wp\/v2\/comments?post=8713"}],"version-history":[{"count":0,"href":"https:\/\/jms.com.bo\/mediamonitor\/wp-json\/wp\/v2\/posts\/8713\/revisions"}],"wp:featuredmedia":[{"embeddable":true,"href":"https:\/\/jms.com.bo\/mediamonitor\/wp-json\/wp\/v2\/media\/8714"}],"wp:attachment":[{"href":"https:\/\/jms.com.bo\/mediamonitor\/wp-json\/wp\/v2\/media?parent=8713"}],"wp:term":[{"taxonomy":"category","embeddable":true,"href":"https:\/\/jms.com.bo\/mediamonitor\/wp-json\/wp\/v2\/categories?post=8713"},{"taxonomy":"post_tag","embeddable":true,"href":"https:\/\/jms.com.bo\/mediamonitor\/wp-json\/wp\/v2\/tags?post=8713"}],"curies":[{"name":"wp","href":"https:\/\/api.w.org\/{rel}","templated":true}]}}