{"id":90163,"date":"2026-08-28T07:16:14","date_gmt":"2026-08-28T11:16:14","guid":{"rendered":"https:\/\/mediamonitorbo.com.bo\/2026\/08\/28\/ministerio-compromete-250-items-en-salud-y-un-tomografo-para-el-hrsjdd\/"},"modified":"2026-08-28T07:16:14","modified_gmt":"2026-08-28T11:16:14","slug":"ministerio-compromete-250-items-en-salud-y-un-tomografo-para-el-hrsjdd","status":"publish","type":"post","link":"https:\/\/jms.com.bo\/mediamonitor\/2026\/08\/28\/ministerio-compromete-250-items-en-salud-y-un-tomografo-para-el-hrsjdd\/","title":{"rendered":"Ministerio compromete 250 \u00edtems en salud y un tom\u00f3grafo para el HRSJDD"},"content":{"rendered":"<p style=\"text-align: justify\">El Gobierno nacional comprometi\u00f3 la entrega de 250 \u00edtems para fortalecer los servicios de salud del departamento de Tarija, como resultado del primer Encuentro Departamental de Salud de la gesti\u00f3n 2026, desarrollado con la participaci\u00f3n del Ministerio de Salud, el Servicio Departamental de Salud y representantes de las redes sanitarias.<\/p>\n<p style=\"text-align: justify\">La directora del Sedes, Sara Cuevas, inform\u00f3 que los nuevos \u00edtems ser\u00e1n distribuidos entre hospitales y redes que presentan d\u00e9ficit de personal. La entrega est\u00e1 prevista para la primera quincena de septiembre y busca reducir parte de la brecha de recursos humanos identificada en el diagn\u00f3stico departamental.<\/p>\n<p style=\"text-align: justify\">El informe presentado durante el encuentro hab\u00eda establecido una necesidad de 965 \u00edtems para trabajar con la capacidad instalada, ampliar servicios y lograr un funcionamiento m\u00e1s completo de establecimientos como el Hospital Materno Infantil y el Hospital Regional San Juan de Dios.<\/p>\n<p style=\"text-align: justify\">En materia de equipamiento, el Ministerio de Salud tambi\u00e9n asumi\u00f3 el compromiso de dotar un nuevo tom\u00f3grafo al Hospital Regional San Juan de Dios. La previsi\u00f3n es que el equipo sea entregado hasta el primer trimestre de 2027.<\/p>\n<p style=\"text-align: justify\">Las autoridades acordaron mantener abiertas las l\u00edneas de coordinaci\u00f3n para continuar trabajando en recursos humanos, equipamiento, medicamentos e infraestructura, con el objetivo de traducir los compromisos asumidos en mejoras concretas para la atenci\u00f3n sanitaria.<\/p>\n","protected":false},"excerpt":{"rendered":"<p>El Gobierno nacional comprometi\u00f3 la entrega de 250 \u00edtems para fortalecer los servicios de salud del departamento de Tarija, como resultado del primer Encuentro Departamental de Salud de la gesti\u00f3n 2026, desarrollado con la participaci\u00f3n del Ministerio de Salud, el Servicio Departamental de Salud y representantes de las redes sanitarias. La directora del Sedes, Sara [&hellip;]<\/p>\n","protected":false},"author":1,"featured_media":90164,"comment_status":"closed","ping_status":"open","sticky":false,"template":"","format":"standard","meta":{"footnotes":""},"categories":[53],"tags":[],"class_list":["post-90163","post","type-post","status-publish","format-standard","has-post-thumbnail","category-salud"],"_links":{"self":[{"href":"https:\/\/jms.com.bo\/mediamonitor\/wp-json\/wp\/v2\/posts\/90163","targetHints":{"allow":["GET"]}}],"collection":[{"href":"https:\/\/jms.com.bo\/mediamonitor\/wp-json\/wp\/v2\/posts"}],"about":[{"href":"https:\/\/jms.com.bo\/mediamonitor\/wp-json\/wp\/v2\/types\/post"}],"author":[{"embeddable":true,"href":"https:\/\/jms.com.bo\/mediamonitor\/wp-json\/wp\/v2\/users\/1"}],"replies":[{"embeddable":true,"href":"https:\/\/jms.com.bo\/mediamonitor\/wp-json\/wp\/v2\/comments?post=90163"}],"version-history":[{"count":0,"href":"https:\/\/jms.com.bo\/mediamonitor\/wp-json\/wp\/v2\/posts\/90163\/revisions"}],"wp:featuredmedia":[{"embeddable":true,"href":"https:\/\/jms.com.bo\/mediamonitor\/wp-json\/wp\/v2\/media\/90164"}],"wp:attachment":[{"href":"https:\/\/jms.com.bo\/mediamonitor\/wp-json\/wp\/v2\/media?parent=90163"}],"wp:term":[{"taxonomy":"category","embeddable":true,"href":"https:\/\/jms.com.bo\/mediamonitor\/wp-json\/wp\/v2\/categories?post=90163"},{"taxonomy":"post_tag","embeddable":true,"href":"https:\/\/jms.com.bo\/mediamonitor\/wp-json\/wp\/v2\/tags?post=90163"}],"curies":[{"name":"wp","href":"https:\/\/api.w.org\/{rel}","templated":true}]}}