{"id":90212,"date":"2026-08-31T06:44:40","date_gmt":"2026-08-31T10:44:40","guid":{"rendered":"https:\/\/mediamonitorbo.com.bo\/?p=27345"},"modified":"2026-08-31T06:44:40","modified_gmt":"2026-08-31T10:44:40","slug":"gobernadora-de-tarija-gestiona-tres-nuevos-items-de-salud-para-comunidades-de-tariquia","status":"publish","type":"post","link":"https:\/\/jms.com.bo\/mediamonitor\/2026\/08\/31\/gobernadora-de-tarija-gestiona-tres-nuevos-items-de-salud-para-comunidades-de-tariquia\/","title":{"rendered":"Gobernadora de Tarija gestiona tres nuevos \u00edtems de salud para comunidades de Tariqu\u00eda"},"content":{"rendered":"<p style=\"text-align: justify\">La gobernadora de Tarija, Mar\u00eda Ren\u00e9 Soruco, inform\u00f3 que durante una visita realizada el 7 y 8 de agosto a Tariqu\u00eda pudo conocer de cerca las condiciones de distintas comunidades y las necesidades de sus habitantes.<\/p>\n<p style=\"text-align: justify\">Soruco destac\u00f3 la recepci\u00f3n de la poblaci\u00f3n durante su visita y se\u00f1al\u00f3 que, pese a la dignidad de sus habitantes, tambi\u00e9n pudo evidenciar desigualdades en el acceso a la salud, debido a la falta de personal m\u00e9dico.<\/p>\n<p style=\"text-align: justify\">\u201cEl 7 y 8 de agosto estuvimos en el para\u00edso, en Tariqu\u00eda visitando distintas comunidades, la gente nos ha recibido con mucha amabilidad, es gente muy digna pero donde tambi\u00e9n existen desigualdades\u201d, manifest\u00f3.<\/p>\n<p style=\"text-align: justify\">La autoridad departamental explic\u00f3 que una de las principales dificultades identificadas fue que un solo m\u00e9dico atiende a m\u00e1s de cinco comunidades, situaci\u00f3n que motiv\u00f3 gestiones ante el Ministerio correspondiente.<\/p>\n<p style=\"text-align: justify\">\u201cUn m\u00e9dico para m\u00e1s de 5 comunidades es por ello que de manera inmediata hemos enviado solicitudes al Ministerio gestionando para poder conseguir y remediar esta situaci\u00f3n\u201d, sostuvo Soruco.<\/p>\n<p style=\"text-align: justify\">En ese sentido, la gobernadora anunci\u00f3 que se logr\u00f3 conseguir tres \u00edtems para m\u00e9dicos que ser\u00e1n destinados a comunidades del municipio de Padcaya, dentro de la reserva de Tariqu\u00eda.<\/p>\n<p style=\"text-align: justify\">\u201cHoy quiero anunciarles que en pr\u00f3ximos d\u00edas hemos conseguido tres \u00edtems para m\u00e9dicos para las comunidades de Motovi, Volc\u00e1n Blanco y San Jos\u00e9 del municipio de Padcaya en la reserva de Tariqu\u00eda\u201d, inform\u00f3.<\/p>\n<p style=\"text-align: justify\">Finalmente, Soruco reconoci\u00f3 que existen varias necesidades pendientes de atenci\u00f3n y remarc\u00f3 que la salud constituye una prioridad.<\/p>\n<p style=\"text-align: justify\">\u201cSabemos que hay mucho por hacer, Tarija es su gente y la prioridad es la salud\u201d, afirm\u00f3.<\/p>\n","protected":false},"excerpt":{"rendered":"<p>La gobernadora de Tarija, Mar\u00eda Ren\u00e9 Soruco, inform\u00f3 que durante una visita realizada el 7 y 8 de agosto a Tariqu\u00eda pudo conocer de cerca las condiciones de distintas comunidades y las necesidades de sus habitantes. Soruco destac\u00f3 la recepci\u00f3n de la poblaci\u00f3n durante su visita y se\u00f1al\u00f3 que, pese a la dignidad de sus [&hellip;]<\/p>\n","protected":false},"author":1,"featured_media":90213,"comment_status":"closed","ping_status":"open","sticky":false,"template":"","format":"standard","meta":{"footnotes":""},"categories":[53],"tags":[],"class_list":["post-90212","post","type-post","status-publish","format-standard","has-post-thumbnail","category-salud"],"_links":{"self":[{"href":"https:\/\/jms.com.bo\/mediamonitor\/wp-json\/wp\/v2\/posts\/90212","targetHints":{"allow":["GET"]}}],"collection":[{"href":"https:\/\/jms.com.bo\/mediamonitor\/wp-json\/wp\/v2\/posts"}],"about":[{"href":"https:\/\/jms.com.bo\/mediamonitor\/wp-json\/wp\/v2\/types\/post"}],"author":[{"embeddable":true,"href":"https:\/\/jms.com.bo\/mediamonitor\/wp-json\/wp\/v2\/users\/1"}],"replies":[{"embeddable":true,"href":"https:\/\/jms.com.bo\/mediamonitor\/wp-json\/wp\/v2\/comments?post=90212"}],"version-history":[{"count":0,"href":"https:\/\/jms.com.bo\/mediamonitor\/wp-json\/wp\/v2\/posts\/90212\/revisions"}],"wp:featuredmedia":[{"embeddable":true,"href":"https:\/\/jms.com.bo\/mediamonitor\/wp-json\/wp\/v2\/media\/90213"}],"wp:attachment":[{"href":"https:\/\/jms.com.bo\/mediamonitor\/wp-json\/wp\/v2\/media?parent=90212"}],"wp:term":[{"taxonomy":"category","embeddable":true,"href":"https:\/\/jms.com.bo\/mediamonitor\/wp-json\/wp\/v2\/categories?post=90212"},{"taxonomy":"post_tag","embeddable":true,"href":"https:\/\/jms.com.bo\/mediamonitor\/wp-json\/wp\/v2\/tags?post=90212"}],"curies":[{"name":"wp","href":"https:\/\/api.w.org\/{rel}","templated":true}]}}