{"id":90214,"date":"2026-08-31T06:46:05","date_gmt":"2026-08-31T10:46:05","guid":{"rendered":"https:\/\/mediamonitorbo.com.bo\/?p=27348"},"modified":"2026-08-31T06:46:05","modified_gmt":"2026-08-31T10:46:05","slug":"bolivia-exporta-us-11-millones-en-lacteos-y-colombia-concentra-dos-tercios-del-mercado","status":"publish","type":"post","link":"https:\/\/jms.com.bo\/mediamonitor\/2026\/08\/31\/bolivia-exporta-us-11-millones-en-lacteos-y-colombia-concentra-dos-tercios-del-mercado\/","title":{"rendered":"Bolivia exporta $us 11 millones en l\u00e1cteos y Colombia concentra dos tercios del mercado"},"content":{"rendered":"<p style=\"text-align: justify\">Bolivia mantiene presencia creciente en el mercado internacional de productos l\u00e1cteos. Entre enero y junio de 2026, las exportaciones del sector alcanzaron $us 11 millones, correspondientes a 3.169 toneladas, de acuerdo con datos del Instituto Boliviano de Comercio Exterior (IBCE), con base en informaci\u00f3n del Instituto Nacional de Estad\u00edstica (INE).<\/p>\n<p style=\"text-align: justify\">El resultado representa cerca de la mitad del valor exportado por el sector durante todo 2025, cuando las ventas externas de l\u00e1cteos llegaron a $us 25 millones.<\/p>\n<p style=\"text-align: justify\">El principal mercado para la producci\u00f3n l\u00e1ctea boliviana es Colombia, pa\u00eds que en 2025 concentr\u00f3 el 68,4% de las exportaciones del sector. Per\u00fa ocup\u00f3 el segundo lugar, con el 31,3%, mientras que Venezuela represent\u00f3 el 0,3% restante.<\/p>\n<p style=\"text-align: justify\">La composici\u00f3n de los mercados muestra, adem\u00e1s, que las exportaciones bolivianas de l\u00e1cteos tienen una fuerte inserci\u00f3n en la regi\u00f3n, con Colombia y Per\u00fa concentrando pr\u00e1cticamente la totalidad de las ventas externas.<\/p>\n<p style=\"text-align: justify\">Un sector con capacidad exportadora<br \/>\nEl desempe\u00f1o de 2026 se suma a una trayectoria que tuvo su punto m\u00e1s alto en 2022, cuando Bolivia alcanz\u00f3 un r\u00e9cord de $us 42 millones en exportaciones de productos l\u00e1cteos.<\/p>\n<p style=\"text-align: justify\">Aunque en 2025 las ventas externas descendieron 10% respecto a los $us 27,8 millones de 2024, el sector conserva una base exportadora consolidada y mercados identificados para sus productos.<\/p>\n<p style=\"text-align: justify\">Entre los principales productos comercializados en el exterior destacan la leche y nata en polvo y la mantequilla, productos que forman parte de la oferta exportable de la industria l\u00e1ctea nacional.<\/p>\n<p style=\"text-align: justify\">La actividad tiene adem\u00e1s una base productiva distribuida en varias regiones del pa\u00eds. Santa Cruz, Cochabamba, La Paz y Oruro figuran entre los principales departamentos productores de l\u00e1cteos.<\/p>\n<p style=\"text-align: justify\">El dato del primer semestre abre una perspectiva favorable para el sector: si el ritmo de ventas se mantiene durante la segunda mitad del a\u00f1o, Bolivia podr\u00eda cerrar 2026 cerca del nivel registrado en 2025.<\/p>\n","protected":false},"excerpt":{"rendered":"<p>Bolivia mantiene presencia creciente en el mercado internacional de productos l\u00e1cteos. Entre enero y junio de 2026, las exportaciones del sector alcanzaron $us 11 millones, correspondientes a 3.169 toneladas, de acuerdo con datos del Instituto Boliviano de Comercio Exterior (IBCE), con base en informaci\u00f3n del Instituto Nacional de Estad\u00edstica (INE). El resultado representa cerca de [&hellip;]<\/p>\n","protected":false},"author":1,"featured_media":90215,"comment_status":"closed","ping_status":"open","sticky":false,"template":"","format":"standard","meta":{"footnotes":""},"categories":[57],"tags":[],"class_list":["post-90214","post","type-post","status-publish","format-standard","has-post-thumbnail","category-alimentos-y-agroindustria"],"_links":{"self":[{"href":"https:\/\/jms.com.bo\/mediamonitor\/wp-json\/wp\/v2\/posts\/90214","targetHints":{"allow":["GET"]}}],"collection":[{"href":"https:\/\/jms.com.bo\/mediamonitor\/wp-json\/wp\/v2\/posts"}],"about":[{"href":"https:\/\/jms.com.bo\/mediamonitor\/wp-json\/wp\/v2\/types\/post"}],"author":[{"embeddable":true,"href":"https:\/\/jms.com.bo\/mediamonitor\/wp-json\/wp\/v2\/users\/1"}],"replies":[{"embeddable":true,"href":"https:\/\/jms.com.bo\/mediamonitor\/wp-json\/wp\/v2\/comments?post=90214"}],"version-history":[{"count":0,"href":"https:\/\/jms.com.bo\/mediamonitor\/wp-json\/wp\/v2\/posts\/90214\/revisions"}],"wp:featuredmedia":[{"embeddable":true,"href":"https:\/\/jms.com.bo\/mediamonitor\/wp-json\/wp\/v2\/media\/90215"}],"wp:attachment":[{"href":"https:\/\/jms.com.bo\/mediamonitor\/wp-json\/wp\/v2\/media?parent=90214"}],"wp:term":[{"taxonomy":"category","embeddable":true,"href":"https:\/\/jms.com.bo\/mediamonitor\/wp-json\/wp\/v2\/categories?post=90214"},{"taxonomy":"post_tag","embeddable":true,"href":"https:\/\/jms.com.bo\/mediamonitor\/wp-json\/wp\/v2\/tags?post=90214"}],"curies":[{"name":"wp","href":"https:\/\/api.w.org\/{rel}","templated":true}]}}