{"id":90220,"date":"2026-08-31T06:52:59","date_gmt":"2026-08-31T10:52:59","guid":{"rendered":"https:\/\/mediamonitorbo.com.bo\/?p=27358"},"modified":"2026-08-31T06:52:59","modified_gmt":"2026-08-31T10:52:59","slug":"san-julian-anuncia-bloqueo-de-24-horas-contra-el-precio-del-diesel-para-grandes-consumidores","status":"publish","type":"post","link":"https:\/\/jms.com.bo\/mediamonitor\/2026\/08\/31\/san-julian-anuncia-bloqueo-de-24-horas-contra-el-precio-del-diesel-para-grandes-consumidores\/","title":{"rendered":"San Juli\u00e1n anuncia bloqueo de 24 horas contra el precio del di\u00e9sel para grandes consumidores"},"content":{"rendered":"<p style=\"text-align: justify\">Organizaciones sociales de San Juli\u00e1n, en Santa Cruz, anunciaron un bloqueo de carreteras de 24 horas para este mi\u00e9rcoles en rechazo al Decreto Supremo 5676 y a las nuevas condiciones para la compra de di\u00e9sel, que establecen un precio referencial de Bs 18 por litro para grandes consumidores y usuarios directos.<\/p>\n<p style=\"text-align: justify\">La decisi\u00f3n fue asumida durante un ampliado de organizaciones del municipio, donde dirigentes y representantes del sector productivo expresaron su preocupaci\u00f3n por las dificultades para acceder al combustible en plena campa\u00f1a de cosecha de invierno, principalmente de girasol y sorgo.<\/p>\n<p style=\"text-align: justify\">Uno de los principales cuestionamientos est\u00e1 dirigido al l\u00edmite de 120 litros mensuales establecido para acceder al combustible a precio regulado. Los productores consideran que ese volumen es insuficiente para cubrir las necesidades de las actividades agr\u00edcolas. \u201cCon 120 litros no hacemos nada en el sector productivo\u201d, afirm\u00f3 una de las representantes durante una conferencia de prensa en la que se anunci\u00f3 la medida de presi\u00f3n.<\/p>\n<p style=\"text-align: justify\">Los dirigentes tambi\u00e9n denunciaron problemas en el abastecimiento de combustible y reclamaron al Gobierno el cumplimiento de los compromisos asumidos para garantizar di\u00e9sel destinado a las actividades productivas y otras tareas pendientes en el municipio.<\/p>\n<p style=\"text-align: justify\">El alcalde de San Juli\u00e1n, Carlos Vaca, expres\u00f3 su respaldo a la decisi\u00f3n de las organizaciones y anunci\u00f3 que la Alcald\u00eda se sumar\u00e1 al pedido de abrogaci\u00f3n del Decreto Supremo 5676.<\/p>\n<p style=\"text-align: justify\">\u201cComo autoridad tambi\u00e9n nos ponemos al lado del pueblo\u201d, afirm\u00f3 Vaca, quien adem\u00e1s pidi\u00f3 al Gobierno enviar representantes a San Juli\u00e1n para explicar los alcances de la norma y atender las demandas de los sectores afectados.<\/p>\n<p style=\"text-align: justify\">Presi\u00f3n desde el sector productivo<\/p>\n<p style=\"text-align: justify\">El anuncio de San Juli\u00e1n se suma a la creciente presi\u00f3n de organizaciones productivas de Santa Cruz contra las nuevas condiciones de comercializaci\u00f3n del di\u00e9sel.<\/p>\n<p style=\"text-align: justify\">La C\u00e1mara Agropecuaria del Oriente (CAO) convoc\u00f3 este domingo a una reuni\u00f3n extraordinaria de su directorio para analizar precisamente el abastecimiento de di\u00e9sel y las acciones que asumir\u00e1 el sector productivo frente a la crisis.<\/p>\n<p style=\"text-align: justify\">La reuni\u00f3n se produce despu\u00e9s de que el sector agropecuario diera un plazo al Gobierno para atender sus demandas, entre ellas la abrogaci\u00f3n del Decreto Supremo 5676. De no existir una respuesta, los dirigentes anticiparon que acudir\u00edan al Comit\u00e9 pro Santa Cruz para impulsar nuevas medidas.<\/p>\n<p style=\"text-align: justify\">El vicepresidente del Comit\u00e9 pro Santa Cruz, Agust\u00edn Zambrana, tambi\u00e9n anunci\u00f3 que el directorio ampliado de la instituci\u00f3n analizar\u00e1 este lunes nuevas acciones de presi\u00f3n y la posible convocatoria a una Asamblea de la Cruce\u00f1idad.<\/p>\n","protected":false},"excerpt":{"rendered":"<p>Organizaciones sociales de San Juli\u00e1n, en Santa Cruz, anunciaron un bloqueo de carreteras de 24 horas para este mi\u00e9rcoles en rechazo al Decreto Supremo 5676 y a las nuevas condiciones para la compra de di\u00e9sel, que establecen un precio referencial de Bs 18 por litro para grandes consumidores y usuarios directos. La decisi\u00f3n fue asumida [&hellip;]<\/p>\n","protected":false},"author":1,"featured_media":90221,"comment_status":"closed","ping_status":"open","sticky":false,"template":"","format":"standard","meta":{"footnotes":""},"categories":[49],"tags":[],"class_list":["post-90220","post","type-post","status-publish","format-standard","has-post-thumbnail","category-social"],"_links":{"self":[{"href":"https:\/\/jms.com.bo\/mediamonitor\/wp-json\/wp\/v2\/posts\/90220","targetHints":{"allow":["GET"]}}],"collection":[{"href":"https:\/\/jms.com.bo\/mediamonitor\/wp-json\/wp\/v2\/posts"}],"about":[{"href":"https:\/\/jms.com.bo\/mediamonitor\/wp-json\/wp\/v2\/types\/post"}],"author":[{"embeddable":true,"href":"https:\/\/jms.com.bo\/mediamonitor\/wp-json\/wp\/v2\/users\/1"}],"replies":[{"embeddable":true,"href":"https:\/\/jms.com.bo\/mediamonitor\/wp-json\/wp\/v2\/comments?post=90220"}],"version-history":[{"count":0,"href":"https:\/\/jms.com.bo\/mediamonitor\/wp-json\/wp\/v2\/posts\/90220\/revisions"}],"wp:featuredmedia":[{"embeddable":true,"href":"https:\/\/jms.com.bo\/mediamonitor\/wp-json\/wp\/v2\/media\/90221"}],"wp:attachment":[{"href":"https:\/\/jms.com.bo\/mediamonitor\/wp-json\/wp\/v2\/media?parent=90220"}],"wp:term":[{"taxonomy":"category","embeddable":true,"href":"https:\/\/jms.com.bo\/mediamonitor\/wp-json\/wp\/v2\/categories?post=90220"},{"taxonomy":"post_tag","embeddable":true,"href":"https:\/\/jms.com.bo\/mediamonitor\/wp-json\/wp\/v2\/tags?post=90220"}],"curies":[{"name":"wp","href":"https:\/\/api.w.org\/{rel}","templated":true}]}}