{"id":90222,"date":"2026-08-31T06:54:49","date_gmt":"2026-08-31T10:54:49","guid":{"rendered":"https:\/\/mediamonitorbo.com.bo\/?p=27361"},"modified":"2026-08-31T06:54:49","modified_gmt":"2026-08-31T10:54:49","slug":"civicos-y-agro-alistan-nuevas-medidas-ante-la-crisis-de-diesel","status":"publish","type":"post","link":"https:\/\/jms.com.bo\/mediamonitor\/2026\/08\/31\/civicos-y-agro-alistan-nuevas-medidas-ante-la-crisis-de-diesel\/","title":{"rendered":"C\u00edvicos y agro alistan nuevas medidas ante la crisis de di\u00e9sel"},"content":{"rendered":"<p style=\"text-align: justify\">La crisis por el abastecimiento de di\u00e9sel amenaza con abrir un nuevo frente de conflicto entre el sector productivo cruce\u00f1o y el Gobierno. El Comit\u00e9 pro Santa Cruz anunci\u00f3 que analizar\u00e1 nuevas medidas de presi\u00f3n, mientras la C\u00e1mara Agropecuaria del Oriente (CAO) convoc\u00f3 para este domingo a una reuni\u00f3n extraordinaria a fin de evaluar la situaci\u00f3n del combustible y definir las acciones que asumir\u00e1 la institucionalidad regional.<\/p>\n<p style=\"text-align: justify\">El vicepresidente del Comit\u00e9 pro Santa Cruz, Agust\u00edn Zambrana, afirm\u00f3 que las instituciones cruce\u00f1as ya no pueden limitarse a exigir soluciones al Gobierno porque, a su criterio, el Ejecutivo no ha logrado resolver la escasez de carburantes. \u201cYa no vamos a hacer nada m\u00e1s en pedirle, exigirle m\u00e1s al Gobierno porque no lo pueden solucionar\u201d, afirm\u00f3.<\/p>\n<p style=\"text-align: justify\">La CAO convoc\u00f3 para este domingo a una reuni\u00f3n extraordinaria de su directorio, con dos puntos en agenda: el abastecimiento de di\u00e9sel y el directorio ampliado del Comit\u00e9 pro Santa Cruz. La reuni\u00f3n se desarrolla en un momento de creciente preocupaci\u00f3n entre los productores por las dificultades para acceder al combustible necesario para las labores agr\u00edcolas.<\/p>\n<p style=\"text-align: justify\">El encuentro tambi\u00e9n est\u00e1 relacionado con el plazo que el sector agropecuario dio al Gobierno para atender sus demandas, entre ellas el rechazo al Decreto Supremo 5676, que estableci\u00f3 un precio referencial de Bs 18 por litro de di\u00e9sel para grandes consumidores y usuarios directos.<\/p>\n<p style=\"text-align: justify\">Zambrana se\u00f1al\u00f3 que el sector agropecuario plante\u00f3 ejercer \u201cun m\u00e9todo de presi\u00f3n m\u00e1s\u201d y que el Comit\u00e9 pro Santa Cruz respaldar\u00e1 la decisi\u00f3n que adopte el sector dentro de su directorio ampliado.<\/p>\n<p style=\"text-align: justify\">Una de las posibilidades que ser\u00e1 puesta sobre la mesa es la convocatoria a una Asamblea de la Cruce\u00f1idad, instancia en la que podr\u00edan definirse nuevas medidas para enfrentar la crisis de combustible y exigir respuestas al Gobierno. \u201cGran probabilidad que se va a proponer el d\u00eda de ma\u00f1ana (lunes)\u201d, afirm\u00f3 Zambrana al referirse a la convocatoria.<\/p>\n<p style=\"text-align: justify\">El dirigente explic\u00f3 que la eventual Asamblea tendr\u00eda dos objetivos: definir acciones inmediatas para enfrentar la falta de combustible y discutir medidas destinadas a evitar un mayor deterioro de la econom\u00eda regional. \u201cNo para tumbar un gobierno, sino para tomar ya soluciones de parte de nosotros hacia los problemas que no puede solucionar el Gobierno\u201d, sostuvo.<\/p>\n<p style=\"text-align: justify\">Informe sobre el acuerdo con el Gobierno<\/p>\n<p style=\"text-align: justify\">El directorio ampliado del Comit\u00e9 pro Santa Cruz tambi\u00e9n tiene previsto escuchar un informe de YPFB y del Gobierno nacional sobre los 10 puntos acordados el 17 de agosto, despu\u00e9s de las negociaciones desarrolladas para atender las demandas del sector productivo cruce\u00f1o.<\/p>\n<p style=\"text-align: justify\">Zambrana indic\u00f3 que las autoridades deber\u00e1n explicar el grado de cumplimiento de esos compromisos. Sin embargo, dej\u00f3 claro que el resultado del informe no impedir\u00e1 que las instituciones cruce\u00f1as eval\u00faen nuevas acciones. \u201cHoy tenemos que ir a solucionar estos problemas que el Gobierno p\u00fablico, el Gobierno nacional, el Gobierno centralista no puede resolver\u201d, afirm\u00f3.<\/p>\n<p style=\"text-align: justify\">La tensi\u00f3n se produce adem\u00e1s despu\u00e9s de que el Gobierno y los empresarios del transporte de combustibles alcanzaran un acuerdo para garantizar la continuidad del traslado de carburantes. El entendimiento evit\u00f3, por el momento, una paralizaci\u00f3n de los cisterneros, pero no resolvi\u00f3 las dificultades que persisten en la distribuci\u00f3n y acceso al di\u00e9sel.<\/p>\n<p style=\"text-align: justify\">Para el sector productivo, el problema adquiere especial gravedad porque la falta de combustible afecta directamente las labores agr\u00edcolas, el transporte de productos y la actividad econ\u00f3mica. La preocupaci\u00f3n aumenta ante la necesidad de garantizar di\u00e9sel para las labores de cosecha y preparaci\u00f3n de nuevas campa\u00f1as.<\/p>\n<p style=\"text-align: justify\">Si el Gobierno no logra atender las demandas del agro, la presi\u00f3n podr\u00eda trasladarse de las negociaciones sectoriales a una movilizaci\u00f3n institucional de mayor alcance en Santa Cruz.<\/p>\n","protected":false},"excerpt":{"rendered":"<p>La crisis por el abastecimiento de di\u00e9sel amenaza con abrir un nuevo frente de conflicto entre el sector productivo cruce\u00f1o y el Gobierno. El Comit\u00e9 pro Santa Cruz anunci\u00f3 que analizar\u00e1 nuevas medidas de presi\u00f3n, mientras la C\u00e1mara Agropecuaria del Oriente (CAO) convoc\u00f3 para este domingo a una reuni\u00f3n extraordinaria a fin de evaluar la [&hellip;]<\/p>\n","protected":false},"author":1,"featured_media":90223,"comment_status":"closed","ping_status":"open","sticky":false,"template":"","format":"standard","meta":{"footnotes":""},"categories":[49],"tags":[],"class_list":["post-90222","post","type-post","status-publish","format-standard","has-post-thumbnail","category-social"],"_links":{"self":[{"href":"https:\/\/jms.com.bo\/mediamonitor\/wp-json\/wp\/v2\/posts\/90222","targetHints":{"allow":["GET"]}}],"collection":[{"href":"https:\/\/jms.com.bo\/mediamonitor\/wp-json\/wp\/v2\/posts"}],"about":[{"href":"https:\/\/jms.com.bo\/mediamonitor\/wp-json\/wp\/v2\/types\/post"}],"author":[{"embeddable":true,"href":"https:\/\/jms.com.bo\/mediamonitor\/wp-json\/wp\/v2\/users\/1"}],"replies":[{"embeddable":true,"href":"https:\/\/jms.com.bo\/mediamonitor\/wp-json\/wp\/v2\/comments?post=90222"}],"version-history":[{"count":0,"href":"https:\/\/jms.com.bo\/mediamonitor\/wp-json\/wp\/v2\/posts\/90222\/revisions"}],"wp:featuredmedia":[{"embeddable":true,"href":"https:\/\/jms.com.bo\/mediamonitor\/wp-json\/wp\/v2\/media\/90223"}],"wp:attachment":[{"href":"https:\/\/jms.com.bo\/mediamonitor\/wp-json\/wp\/v2\/media?parent=90222"}],"wp:term":[{"taxonomy":"category","embeddable":true,"href":"https:\/\/jms.com.bo\/mediamonitor\/wp-json\/wp\/v2\/categories?post=90222"},{"taxonomy":"post_tag","embeddable":true,"href":"https:\/\/jms.com.bo\/mediamonitor\/wp-json\/wp\/v2\/tags?post=90222"}],"curies":[{"name":"wp","href":"https:\/\/api.w.org\/{rel}","templated":true}]}}