{"id":90230,"date":"2026-08-31T07:00:23","date_gmt":"2026-08-31T11:00:23","guid":{"rendered":"https:\/\/mediamonitorbo.com.bo\/?p=27373"},"modified":"2026-08-31T07:00:23","modified_gmt":"2026-08-31T11:00:23","slug":"el-gobierno-estudia-modificar-el-decreto-del-diesel-confirma-ministro","status":"publish","type":"post","link":"https:\/\/jms.com.bo\/mediamonitor\/2026\/08\/31\/el-gobierno-estudia-modificar-el-decreto-del-diesel-confirma-ministro\/","title":{"rendered":"El Gobierno estudia modificar el decreto del di\u00e9sel, confirma Ministro"},"content":{"rendered":"<p style=\"text-align: justify\">El Decreto Supremo (DS) 5676 podr\u00eda ser modificado, pero no abrogado, seg\u00fan las \u00faltimas declaraciones del Gobierno, aunque la interrogante sobre su eventual eliminaci\u00f3n sigue abierta ante las crecientes amenazas de movilizaciones en distintas regiones del pa\u00eds.<\/p>\n<p style=\"text-align: justify\">El ministro de Defensa, Ernesto Justiniano, confirm\u00f3 este domingo que un equipo t\u00e9cnico trabaja en posibles ajustes a la norma, que fija en 18 bolivianos el precio del litro de di\u00e9sel para grandes consumidores. \u201cUn equipo est\u00e1 trabajando para ver las condiciones (en las) que se puede mejorar el decreto. En el tema de la reglamentaci\u00f3n, seguramente se puede hacer, como ya lo hemos dicho con anticipaci\u00f3n\u201d, dijo la autoridad, tras suscribir un acuerdo con productores de la provincia Marb\u00e1n (Beni) que permiti\u00f3 levantar el bloqueo en Puente San Pablo, sostenido durante cuatro d\u00edas sobre la carretera Santa Cruz-Beni.<\/p>\n<p style=\"text-align: justify\">El pasado jueves, el presidente Rodrigo Paz, descart\u00f3 dejar sin efecto la norma. \u201cEl Decreto (5676) se puede mejorar, pero no se puede retroceder, porque si no nos estar\u00edamos enga\u00f1ando. Yo retrocedo en este decreto, les voy a quitar plata a ustedes\u201d, dijo Paz en un encuentro con los alcaldes del pa\u00eds. Ese mismo d\u00eda, el ministro de la Presidencia, Fernando Aramayo, reconoci\u00f3 que el decreto forma parte de los condicionamientos del FMI para el pr\u00e9stamo que negocia Bolivia.<\/p>\n<p style=\"text-align: justify\">Sin embargo, la presi\u00f3n social no cede. Para esta semana, est\u00e1n previstas movilizaciones en San Juli\u00e1n y Cochabamba, pese al estado de excepci\u00f3n.<\/p>\n","protected":false},"excerpt":{"rendered":"<p>El Decreto Supremo (DS) 5676 podr\u00eda ser modificado, pero no abrogado, seg\u00fan las \u00faltimas declaraciones del Gobierno, aunque la interrogante sobre su eventual eliminaci\u00f3n sigue abierta ante las crecientes amenazas de movilizaciones en distintas regiones del pa\u00eds. El ministro de Defensa, Ernesto Justiniano, confirm\u00f3 este domingo que un equipo t\u00e9cnico trabaja en posibles ajustes a [&hellip;]<\/p>\n","protected":false},"author":1,"featured_media":90231,"comment_status":"closed","ping_status":"open","sticky":false,"template":"","format":"standard","meta":{"footnotes":""},"categories":[18],"tags":[],"class_list":["post-90230","post","type-post","status-publish","format-standard","has-post-thumbnail","category-politica"],"_links":{"self":[{"href":"https:\/\/jms.com.bo\/mediamonitor\/wp-json\/wp\/v2\/posts\/90230","targetHints":{"allow":["GET"]}}],"collection":[{"href":"https:\/\/jms.com.bo\/mediamonitor\/wp-json\/wp\/v2\/posts"}],"about":[{"href":"https:\/\/jms.com.bo\/mediamonitor\/wp-json\/wp\/v2\/types\/post"}],"author":[{"embeddable":true,"href":"https:\/\/jms.com.bo\/mediamonitor\/wp-json\/wp\/v2\/users\/1"}],"replies":[{"embeddable":true,"href":"https:\/\/jms.com.bo\/mediamonitor\/wp-json\/wp\/v2\/comments?post=90230"}],"version-history":[{"count":0,"href":"https:\/\/jms.com.bo\/mediamonitor\/wp-json\/wp\/v2\/posts\/90230\/revisions"}],"wp:featuredmedia":[{"embeddable":true,"href":"https:\/\/jms.com.bo\/mediamonitor\/wp-json\/wp\/v2\/media\/90231"}],"wp:attachment":[{"href":"https:\/\/jms.com.bo\/mediamonitor\/wp-json\/wp\/v2\/media?parent=90230"}],"wp:term":[{"taxonomy":"category","embeddable":true,"href":"https:\/\/jms.com.bo\/mediamonitor\/wp-json\/wp\/v2\/categories?post=90230"},{"taxonomy":"post_tag","embeddable":true,"href":"https:\/\/jms.com.bo\/mediamonitor\/wp-json\/wp\/v2\/tags?post=90230"}],"curies":[{"name":"wp","href":"https:\/\/api.w.org\/{rel}","templated":true}]}}