{"id":90234,"date":"2026-08-31T07:03:50","date_gmt":"2026-08-31T11:03:50","guid":{"rendered":"https:\/\/mediamonitorbo.com.bo\/?p=27380"},"modified":"2026-08-31T07:03:50","modified_gmt":"2026-08-31T11:03:50","slug":"anuncian-que-el-miercoles-comenzara-el-proceso-de-reforma-electoral-en-bolivia","status":"publish","type":"post","link":"https:\/\/jms.com.bo\/mediamonitor\/2026\/08\/31\/anuncian-que-el-miercoles-comenzara-el-proceso-de-reforma-electoral-en-bolivia\/","title":{"rendered":"Anuncian que el mi\u00e9rcoles comenzar\u00e1 el proceso de reforma electoral en Bolivia"},"content":{"rendered":"<p style=\"text-align: justify\">El Tribunal Supremo Electoral (TSE) y los nueve tribunales electorales departamentales se reunir\u00e1n el pr\u00f3ximo mi\u00e9rcoles en Cochabamba. \u201cNos reuniremos para iniciar formalmente y de manera institucional el proceso de reforma electoral\u201d, inform\u00f3 este domingo el presidente del TSE, Gustavo \u00c1vila.<\/p>\n<p style=\"text-align: justify\">Se\u00f1al\u00f3 que esta reforma debe efectuarse con responsabilidad, di\u00e1logo plural y visi\u00f3n de futuro, pensando en las pr\u00f3ximas generaciones y en la consolidaci\u00f3n de una institucionalidad electoral s\u00f3lida e independiente.<\/p>\n<p style=\"text-align: justify\">\u201cTenemos un compromiso con Bolivia: mejorar nuestras leyes electorales, fortalecer la democracia y garantizar procesos electorales cada vez m\u00e1s transparentes, eficientes y confiables\u201d, destac\u00f3.<\/p>\n<p style=\"text-align: justify\">Anunci\u00f3 que, en las siguientes semanas, se ampliar\u00e1 el di\u00e1logo sobre la reforma con organizaciones pol\u00edticas, periodistas, pueblos ind\u00edgena originarios campesinos y organizaciones de la sociedad civil.<\/p>\n","protected":false},"excerpt":{"rendered":"<p>El Tribunal Supremo Electoral (TSE) y los nueve tribunales electorales departamentales se reunir\u00e1n el pr\u00f3ximo mi\u00e9rcoles en Cochabamba. \u201cNos reuniremos para iniciar formalmente y de manera institucional el proceso de reforma electoral\u201d, inform\u00f3 este domingo el presidente del TSE, Gustavo \u00c1vila. Se\u00f1al\u00f3 que esta reforma debe efectuarse con responsabilidad, di\u00e1logo plural y visi\u00f3n de futuro, [&hellip;]<\/p>\n","protected":false},"author":1,"featured_media":90235,"comment_status":"closed","ping_status":"open","sticky":false,"template":"","format":"standard","meta":{"footnotes":""},"categories":[18,48,46],"tags":[],"class_list":["post-90234","post","type-post","status-publish","format-standard","has-post-thumbnail","category-politica","category-portada-general-sitio","category-portada-politica"],"_links":{"self":[{"href":"https:\/\/jms.com.bo\/mediamonitor\/wp-json\/wp\/v2\/posts\/90234","targetHints":{"allow":["GET"]}}],"collection":[{"href":"https:\/\/jms.com.bo\/mediamonitor\/wp-json\/wp\/v2\/posts"}],"about":[{"href":"https:\/\/jms.com.bo\/mediamonitor\/wp-json\/wp\/v2\/types\/post"}],"author":[{"embeddable":true,"href":"https:\/\/jms.com.bo\/mediamonitor\/wp-json\/wp\/v2\/users\/1"}],"replies":[{"embeddable":true,"href":"https:\/\/jms.com.bo\/mediamonitor\/wp-json\/wp\/v2\/comments?post=90234"}],"version-history":[{"count":0,"href":"https:\/\/jms.com.bo\/mediamonitor\/wp-json\/wp\/v2\/posts\/90234\/revisions"}],"wp:featuredmedia":[{"embeddable":true,"href":"https:\/\/jms.com.bo\/mediamonitor\/wp-json\/wp\/v2\/media\/90235"}],"wp:attachment":[{"href":"https:\/\/jms.com.bo\/mediamonitor\/wp-json\/wp\/v2\/media?parent=90234"}],"wp:term":[{"taxonomy":"category","embeddable":true,"href":"https:\/\/jms.com.bo\/mediamonitor\/wp-json\/wp\/v2\/categories?post=90234"},{"taxonomy":"post_tag","embeddable":true,"href":"https:\/\/jms.com.bo\/mediamonitor\/wp-json\/wp\/v2\/tags?post=90234"}],"curies":[{"name":"wp","href":"https:\/\/api.w.org\/{rel}","templated":true}]}}