{"id":90242,"date":"2026-08-31T07:10:51","date_gmt":"2026-08-31T11:10:51","guid":{"rendered":"https:\/\/mediamonitorbo.com.bo\/?p=27392"},"modified":"2026-08-31T07:10:51","modified_gmt":"2026-08-31T11:10:51","slug":"ministro-calderon-reporta-caida-de-exportaciones-de-minerales-que-pueden-ser-atribuibles-a-los-bloqueos-o-falta-de-diesel","status":"publish","type":"post","link":"https:\/\/jms.com.bo\/mediamonitor\/2026\/08\/31\/ministro-calderon-reporta-caida-de-exportaciones-de-minerales-que-pueden-ser-atribuibles-a-los-bloqueos-o-falta-de-diesel\/","title":{"rendered":"Ministro Calder\u00f3n reporta ca\u00edda de exportaciones de minerales que pueden ser atribuibles a los bloqueos o falta de di\u00e9sel"},"content":{"rendered":"<p style=\"text-align: justify\">El ministro de Miner\u00eda, Marco Antonio Calder\u00f3n, report\u00f3 una ca\u00edda de las exportaciones de minerales, que puede ser atribuible a los m\u00e1s de 50 d\u00edas de bloqueo de carreteras o a la falta de di\u00e9sel, y que el Gobierno nacional trabaja para superar esa situaci\u00f3n.<\/p>\n<p style=\"text-align: justify\">\u201cLo que si podemos decir es que ha habido una baja en las exportaciones, habr\u00eda que ver los datos de exportaci\u00f3n; ustedes saben que el promedio de los primeros trimestres era de pr\u00e1cticamente $us 1.200 millones\u201d, precis\u00f3.<\/p>\n<p style=\"text-align: justify\">Dijo que se ha tenido un efecto muy importante debido a los 53 d\u00edas; ahora no se atribuirlo a los 53 d\u00edas o al rezago precisamente de aquello o solamente a la falta de di\u00e9sel, a Cadena A.<\/p>\n<p style=\"text-align: justify\">Una de las consecuencias del bloqueo de carreteras dispuesto por la Central Obrera Boliviana (COB), fue el desabastecimiento de combustible a los centros productivos mineros, en varios departamentos del pa\u00eds, sobre todo Potos\u00ed, Oruro y La Paz.<\/p>\n<p style=\"text-align: justify\">Durante el primer semestre de 2026, las exportaciones de minerales llegaron a $us 4.452 millones, un incremento del 91% en valor respecto a primer semestre de 2025, sin embargo, se registr\u00f3 una ca\u00edda del 12% en el volumen exportado, seg\u00fan inform\u00f3 el Instituto Boliviano de Exportaci\u00f3n (IBCE), con datos del Instituto Nacional de Estad\u00edstica (INE).<\/p>\n<p style=\"text-align: justify\">La autoridad, advirti\u00f3 que se tiene que analizar muy r\u00e1pidamente las causas de la ca\u00edda de las exportaciones, aunque reconoci\u00f3 que la falta de di\u00e9sel est\u00e1 afectando de manera muy significativa.<\/p>\n<p style=\"text-align: justify\">Calder\u00f3n inform\u00f3 que, con ese prop\u00f3sito sostuvo reuniones con el secretario ejecutivo de la Central Obrera Boliviana (COB), Mario Argollo y con el Sindicato de Trabajadores de la Empresa Minera Huanuni, de Oruro, para indicarles que el Gobierno est\u00e1 dando soluciones.<\/p>\n<p style=\"text-align: justify\">Las semanas anteriores, dijo que sostuvo reuniones con la Empresa Minera Colquiri y con la Empresa Minera Coro Coro, adem\u00e1s con las empresas mineras privadas, en la b\u00fasqueda de soluciones a este problema.<\/p>\n<p style=\"text-align: justify\">Mientras que la Federaci\u00f3n Sindical de Trabajadores Mineros de Bolivia (FSTMB) a trav\u00e9s de su m\u00e1ximo ejecutivo, Andr\u00e9s Paye, advirti\u00f3 que la escasez de di\u00e9sel y el incremento del precio de Bs 9,86 a Bs 18, dispuesto por el Decreto Supremo 5676, a los Grandes Consumidores tiene efectos negativos en la cadena productiva de los centros mineros dependientes de la Corporaci\u00f3n Minera de Bolivia (Comibol).<\/p>\n<p style=\"text-align: justify\">El dirigente inform\u00f3 que el incremento del precio del di\u00e9sel afect\u00f3 la producci\u00f3n minera en un 40% y advirti\u00f3 del alza de los insumos y log\u00edstica operativa de los yacimientos que dependen del Estado, situaci\u00f3n que afectar\u00e1 a los precios de los productos de la canasta familiar.<\/p>\n","protected":false},"excerpt":{"rendered":"<p>El ministro de Miner\u00eda, Marco Antonio Calder\u00f3n, report\u00f3 una ca\u00edda de las exportaciones de minerales, que puede ser atribuible a los m\u00e1s de 50 d\u00edas de bloqueo de carreteras o a la falta de di\u00e9sel, y que el Gobierno nacional trabaja para superar esa situaci\u00f3n. \u201cLo que si podemos decir es que ha habido una [&hellip;]<\/p>\n","protected":false},"author":1,"featured_media":90243,"comment_status":"closed","ping_status":"open","sticky":false,"template":"","format":"standard","meta":{"footnotes":""},"categories":[25],"tags":[],"class_list":["post-90242","post","type-post","status-publish","format-standard","has-post-thumbnail","category-economia"],"_links":{"self":[{"href":"https:\/\/jms.com.bo\/mediamonitor\/wp-json\/wp\/v2\/posts\/90242","targetHints":{"allow":["GET"]}}],"collection":[{"href":"https:\/\/jms.com.bo\/mediamonitor\/wp-json\/wp\/v2\/posts"}],"about":[{"href":"https:\/\/jms.com.bo\/mediamonitor\/wp-json\/wp\/v2\/types\/post"}],"author":[{"embeddable":true,"href":"https:\/\/jms.com.bo\/mediamonitor\/wp-json\/wp\/v2\/users\/1"}],"replies":[{"embeddable":true,"href":"https:\/\/jms.com.bo\/mediamonitor\/wp-json\/wp\/v2\/comments?post=90242"}],"version-history":[{"count":0,"href":"https:\/\/jms.com.bo\/mediamonitor\/wp-json\/wp\/v2\/posts\/90242\/revisions"}],"wp:featuredmedia":[{"embeddable":true,"href":"https:\/\/jms.com.bo\/mediamonitor\/wp-json\/wp\/v2\/media\/90243"}],"wp:attachment":[{"href":"https:\/\/jms.com.bo\/mediamonitor\/wp-json\/wp\/v2\/media?parent=90242"}],"wp:term":[{"taxonomy":"category","embeddable":true,"href":"https:\/\/jms.com.bo\/mediamonitor\/wp-json\/wp\/v2\/categories?post=90242"},{"taxonomy":"post_tag","embeddable":true,"href":"https:\/\/jms.com.bo\/mediamonitor\/wp-json\/wp\/v2\/tags?post=90242"}],"curies":[{"name":"wp","href":"https:\/\/api.w.org\/{rel}","templated":true}]}}