{"id":90244,"date":"2026-08-31T07:12:11","date_gmt":"2026-08-31T11:12:11","guid":{"rendered":"https:\/\/mediamonitorbo.com.bo\/?p=27395"},"modified":"2026-08-31T07:12:11","modified_gmt":"2026-08-31T11:12:11","slug":"investigan-denuncia-de-cobro-por-adjudicacion-en-setar","status":"publish","type":"post","link":"https:\/\/jms.com.bo\/mediamonitor\/2026\/08\/31\/investigan-denuncia-de-cobro-por-adjudicacion-en-setar\/","title":{"rendered":"Investigan denuncia de cobro por adjudicaci\u00f3n en SETAR"},"content":{"rendered":"<p style=\"text-align: justify\">La Gobernaci\u00f3n de Tarija activ\u00f3 mecanismos de investigaci\u00f3n tras conocerse una denuncia sobre un presunto cobro de dinero a una empresa proponente para favorecerla en un proceso de adjudicaci\u00f3n en Servicios El\u00e9ctricos de Tarija (SETAR).<\/p>\n<p style=\"text-align: justify\">La denuncia, presentada por escrito y acompa\u00f1ada de audios, se\u00f1ala presumiblemente a un funcionario de la empresa el\u00e9ctrica como involucrado en la supuesta solicitud de dinero a una de las empresas que participaba en el proceso de contrataci\u00f3n. El objetivo del obro habr\u00eda sido beneficiar a la empresa dentro del proceso de adjudicaci\u00f3n.<\/p>\n<p style=\"text-align: justify\">Ante la gravedad de los antecedentes, la administraci\u00f3n departamental remiti\u00f3 la documentaci\u00f3n a la Direcci\u00f3n Jur\u00eddica y a la Direcci\u00f3n de Transparencia, instancias que deber\u00e1n revisar la denuncia y derivarla, de corresponder, a las autoridades competentes para establecer la veracidad de los hechos y determinar responsabilidades.<\/p>\n<p style=\"text-align: justify\">La gobernadora de Tarija, Mar\u00eda Ren\u00e9 Soruco, asegur\u00f3 que su gesti\u00f3n asumir\u00e1 el caso con seriedad, transparencia y firmeza, y descart\u00f3 cualquier posibilidad de encubrimiento frente a presuntos hechos de corrupci\u00f3n.<\/p>\n<p style=\"text-align: justify\">\u201cLos problemas de corrupci\u00f3n vienen de hace a\u00f1os y nosotros estamos asumiendo este tema con la seriedad del caso para terminar con la corrupci\u00f3n\u201d, manifest\u00f3 la autoridad.<\/p>\n<p style=\"text-align: justify\">Soruco remarc\u00f3 que desde el inicio de su administraci\u00f3n se estableci\u00f3 como prioridad combatir cualquier pr\u00e1ctica irregular que pueda afectar a las instituciones y los recursos p\u00fablicos.<\/p>\n<p style=\"text-align: justify\">\u201cDesde el d\u00eda uno lo hemos se\u00f1alado: total transparencia y cero tolerancia a la corrupci\u00f3n. No vamos a tapar ning\u00fan acto que pueda da\u00f1ar la econom\u00eda y los intereses de la poblaci\u00f3n\u201d, sostuvo.<\/p>\n<p style=\"text-align: justify\">La autoridad departamental se\u00f1al\u00f3 que las denuncias deben ser investigadas de manera objetiva y conforme a la normativa vigente, dejando en manos de las instancias correspondientes la determinaci\u00f3n de posibles responsabilidades.<\/p>\n<p style=\"text-align: justify\">El caso vuelve a poner bajo observaci\u00f3n los procesos de contrataci\u00f3n y adjudicaci\u00f3n en SETAR, mientras se espera que las instancias encargadas de la investigaci\u00f3n establezcan si existieron irregularidades y, de confirmarse, qui\u00e9nes estar\u00edan involucrados.<\/p>\n","protected":false},"excerpt":{"rendered":"<p>La Gobernaci\u00f3n de Tarija activ\u00f3 mecanismos de investigaci\u00f3n tras conocerse una denuncia sobre un presunto cobro de dinero a una empresa proponente para favorecerla en un proceso de adjudicaci\u00f3n en Servicios El\u00e9ctricos de Tarija (SETAR). La denuncia, presentada por escrito y acompa\u00f1ada de audios, se\u00f1ala presumiblemente a un funcionario de la empresa el\u00e9ctrica como involucrado [&hellip;]<\/p>\n","protected":false},"author":1,"featured_media":90245,"comment_status":"closed","ping_status":"open","sticky":false,"template":"","format":"standard","meta":{"footnotes":""},"categories":[39,44,48],"tags":[],"class_list":["post-90244","post","type-post","status-publish","format-standard","has-post-thumbnail","category-energia","category-portada-energia","category-portada-general-sitio"],"_links":{"self":[{"href":"https:\/\/jms.com.bo\/mediamonitor\/wp-json\/wp\/v2\/posts\/90244","targetHints":{"allow":["GET"]}}],"collection":[{"href":"https:\/\/jms.com.bo\/mediamonitor\/wp-json\/wp\/v2\/posts"}],"about":[{"href":"https:\/\/jms.com.bo\/mediamonitor\/wp-json\/wp\/v2\/types\/post"}],"author":[{"embeddable":true,"href":"https:\/\/jms.com.bo\/mediamonitor\/wp-json\/wp\/v2\/users\/1"}],"replies":[{"embeddable":true,"href":"https:\/\/jms.com.bo\/mediamonitor\/wp-json\/wp\/v2\/comments?post=90244"}],"version-history":[{"count":0,"href":"https:\/\/jms.com.bo\/mediamonitor\/wp-json\/wp\/v2\/posts\/90244\/revisions"}],"wp:featuredmedia":[{"embeddable":true,"href":"https:\/\/jms.com.bo\/mediamonitor\/wp-json\/wp\/v2\/media\/90245"}],"wp:attachment":[{"href":"https:\/\/jms.com.bo\/mediamonitor\/wp-json\/wp\/v2\/media?parent=90244"}],"wp:term":[{"taxonomy":"category","embeddable":true,"href":"https:\/\/jms.com.bo\/mediamonitor\/wp-json\/wp\/v2\/categories?post=90244"},{"taxonomy":"post_tag","embeddable":true,"href":"https:\/\/jms.com.bo\/mediamonitor\/wp-json\/wp\/v2\/tags?post=90244"}],"curies":[{"name":"wp","href":"https:\/\/api.w.org\/{rel}","templated":true}]}}