{"id":90256,"date":"2026-09-01T07:26:00","date_gmt":"2026-09-01T11:26:00","guid":{"rendered":"https:\/\/mediamonitorbo.com.bo\/?p=27421"},"modified":"2026-09-01T07:26:00","modified_gmt":"2026-09-01T11:26:00","slug":"umss-y-seguro-del-agro-pactan-por-investigacion-y-pasantias","status":"publish","type":"post","link":"https:\/\/jms.com.bo\/mediamonitor\/2026\/09\/01\/umss-y-seguro-del-agro-pactan-por-investigacion-y-pasantias\/","title":{"rendered":"UMSS y Seguro del Agro pactan por investigaci\u00f3n y pasant\u00edas"},"content":{"rendered":"<p style=\"text-align: justify\">El Instituto del Seguro Agrario (INSA) y la Facultad de Ciencias Agr\u00edcolas y Pecuarias de la Universidad Mayor de San Sim\u00f3n (UMSS) de Cochabamba firmaron un convenio interinstitucional para impulsar la investigaci\u00f3n y la realizaci\u00f3n de pasant\u00edas.<\/p>\n<p style=\"text-align: justify\">El documento fue suscrito \u201ccon el prop\u00f3sito de articular acciones de formaci\u00f3n acad\u00e9mica, investigaci\u00f3n, innovaci\u00f3n tecnol\u00f3gica, asistencia t\u00e9cnica y transferencia de conocimientos orientadas al desarrollo agrario y al bienestar rural del pa\u00eds\u201d, inform\u00f3 el INSA en sus redes sociales.<\/p>\n<p style=\"text-align: justify\">Indic\u00f3 que el acuerdo tambi\u00e9n contempla la incorporaci\u00f3n de estudiantes de pregrado y posgrado mediante pasant\u00edas, trabajos dirigidos y procesos de titulaci\u00f3n, adem\u00e1s del desarrollo conjunto de proyectos de investigaci\u00f3n e innovaci\u00f3n tecnol\u00f3gica, capacitaci\u00f3n de profesionales y apoyo a iniciativas vinculadas a la gesti\u00f3n del riesgo agrario y la adaptaci\u00f3n al cambio clim\u00e1tico.<\/p>\n<p style=\"text-align: justify\">El convenio tendr\u00e1 una vigencia de cinco a\u00f1os, periodo en el que ambas instituciones podr\u00e1n desarrollar acciones y proyectos conjuntos en beneficio del sector agropecuario nacional.<\/p>\n<p style=\"text-align: justify\">Esta semana, el INSA tambi\u00e9n socializ\u00f3 el Seguro Agrario Minka para la Campa\u00f1a Agr\u00edcola 2026-2027 con representantes de municipios del departamento de cochabambino, con el prop\u00f3sito de fortalecer la protecci\u00f3n de los productores ante posibles p\u00e9rdidas ocasionadas por eventos clim\u00e1ticos.<\/p>\n","protected":false},"excerpt":{"rendered":"<p>El Instituto del Seguro Agrario (INSA) y la Facultad de Ciencias Agr\u00edcolas y Pecuarias de la Universidad Mayor de San Sim\u00f3n (UMSS) de Cochabamba firmaron un convenio interinstitucional para impulsar la investigaci\u00f3n y la realizaci\u00f3n de pasant\u00edas. El documento fue suscrito \u201ccon el prop\u00f3sito de articular acciones de formaci\u00f3n acad\u00e9mica, investigaci\u00f3n, innovaci\u00f3n tecnol\u00f3gica, asistencia t\u00e9cnica [&hellip;]<\/p>\n","protected":false},"author":1,"featured_media":90257,"comment_status":"closed","ping_status":"open","sticky":false,"template":"","format":"standard","meta":{"footnotes":""},"categories":[57],"tags":[],"class_list":["post-90256","post","type-post","status-publish","format-standard","has-post-thumbnail","category-alimentos-y-agroindustria"],"_links":{"self":[{"href":"https:\/\/jms.com.bo\/mediamonitor\/wp-json\/wp\/v2\/posts\/90256","targetHints":{"allow":["GET"]}}],"collection":[{"href":"https:\/\/jms.com.bo\/mediamonitor\/wp-json\/wp\/v2\/posts"}],"about":[{"href":"https:\/\/jms.com.bo\/mediamonitor\/wp-json\/wp\/v2\/types\/post"}],"author":[{"embeddable":true,"href":"https:\/\/jms.com.bo\/mediamonitor\/wp-json\/wp\/v2\/users\/1"}],"replies":[{"embeddable":true,"href":"https:\/\/jms.com.bo\/mediamonitor\/wp-json\/wp\/v2\/comments?post=90256"}],"version-history":[{"count":0,"href":"https:\/\/jms.com.bo\/mediamonitor\/wp-json\/wp\/v2\/posts\/90256\/revisions"}],"wp:featuredmedia":[{"embeddable":true,"href":"https:\/\/jms.com.bo\/mediamonitor\/wp-json\/wp\/v2\/media\/90257"}],"wp:attachment":[{"href":"https:\/\/jms.com.bo\/mediamonitor\/wp-json\/wp\/v2\/media?parent=90256"}],"wp:term":[{"taxonomy":"category","embeddable":true,"href":"https:\/\/jms.com.bo\/mediamonitor\/wp-json\/wp\/v2\/categories?post=90256"},{"taxonomy":"post_tag","embeddable":true,"href":"https:\/\/jms.com.bo\/mediamonitor\/wp-json\/wp\/v2\/tags?post=90256"}],"curies":[{"name":"wp","href":"https:\/\/api.w.org\/{rel}","templated":true}]}}