{"id":90264,"date":"2026-09-01T07:34:08","date_gmt":"2026-09-01T11:34:08","guid":{"rendered":"https:\/\/mediamonitorbo.com.bo\/?p=27437"},"modified":"2026-09-01T07:34:08","modified_gmt":"2026-09-01T11:34:08","slug":"rector-de-la-uagrm-exige-respuestas-a-la-crisis-de-universidades","status":"publish","type":"post","link":"https:\/\/jms.com.bo\/mediamonitor\/2026\/09\/01\/rector-de-la-uagrm-exige-respuestas-a-la-crisis-de-universidades\/","title":{"rendered":"Rector de la UAGRM exige respuestas a la crisis de universidades"},"content":{"rendered":"<p style=\"text-align: justify\">En el marco de la reuni\u00f3n del Comit\u00e9 Ejecutivo de la Universidad Boliviana (CEUB), que se desarrolla este lunes en la ciudad de La Paz, el rector de la Universidad Aut\u00f3noma Gabriel Ren\u00e9 Moreno (UAGRM), Reinerio Vargas, reafirm\u00f3 la necesidad de que el Gobierno nacional atienda de manera inmediata las demandas del sistema universitario p\u00fablico y d\u00e9 respuestas concretas a la situaci\u00f3n que atraviesan las universidades del pa\u00eds.<\/p>\n<p style=\"text-align: justify\">El rector record\u00f3 que, en la \u00faltima Conferencia de Universidades, que pas\u00f3 de extraordinaria a ordinaria, el sistema universitario determin\u00f3 declararse en emergencia y solicitar una reuni\u00f3n con el presidente del Estado para abordar la situaci\u00f3n de la educaci\u00f3n superior en Bolivia. Sin embargo, se\u00f1al\u00f3 que hasta la fecha no se ha recibido una respuesta.<\/p>\n<p style=\"text-align: justify\">\u201cLamentablemente hasta ahora no hemos tenido respuesta. El d\u00eda de hoy se van a reunir con t\u00e9cnicos, van a estar miembros del CEUB y se\u00f1ores rectores para empezar esas mesas, pero nosotros necesitamos respuestas inmediatas, prontas\u201d, manifest\u00f3 Vargas.<\/p>\n<p style=\"text-align: justify\">La autoridad universitaria explic\u00f3 que la declaratoria de emergencia responde a la necesidad de atender las crecientes demandas de la sociedad hacia las universidades p\u00fablicas, instituciones que requieren condiciones y recursos adecuados para cumplir con su misi\u00f3n.<\/p>\n","protected":false},"excerpt":{"rendered":"<p>En el marco de la reuni\u00f3n del Comit\u00e9 Ejecutivo de la Universidad Boliviana (CEUB), que se desarrolla este lunes en la ciudad de La Paz, el rector de la Universidad Aut\u00f3noma Gabriel Ren\u00e9 Moreno (UAGRM), Reinerio Vargas, reafirm\u00f3 la necesidad de que el Gobierno nacional atienda de manera inmediata las demandas del sistema universitario p\u00fablico [&hellip;]<\/p>\n","protected":false},"author":1,"featured_media":90265,"comment_status":"closed","ping_status":"open","sticky":false,"template":"","format":"standard","meta":{"footnotes":""},"categories":[49],"tags":[],"class_list":["post-90264","post","type-post","status-publish","format-standard","has-post-thumbnail","category-social"],"_links":{"self":[{"href":"https:\/\/jms.com.bo\/mediamonitor\/wp-json\/wp\/v2\/posts\/90264","targetHints":{"allow":["GET"]}}],"collection":[{"href":"https:\/\/jms.com.bo\/mediamonitor\/wp-json\/wp\/v2\/posts"}],"about":[{"href":"https:\/\/jms.com.bo\/mediamonitor\/wp-json\/wp\/v2\/types\/post"}],"author":[{"embeddable":true,"href":"https:\/\/jms.com.bo\/mediamonitor\/wp-json\/wp\/v2\/users\/1"}],"replies":[{"embeddable":true,"href":"https:\/\/jms.com.bo\/mediamonitor\/wp-json\/wp\/v2\/comments?post=90264"}],"version-history":[{"count":0,"href":"https:\/\/jms.com.bo\/mediamonitor\/wp-json\/wp\/v2\/posts\/90264\/revisions"}],"wp:featuredmedia":[{"embeddable":true,"href":"https:\/\/jms.com.bo\/mediamonitor\/wp-json\/wp\/v2\/media\/90265"}],"wp:attachment":[{"href":"https:\/\/jms.com.bo\/mediamonitor\/wp-json\/wp\/v2\/media?parent=90264"}],"wp:term":[{"taxonomy":"category","embeddable":true,"href":"https:\/\/jms.com.bo\/mediamonitor\/wp-json\/wp\/v2\/categories?post=90264"},{"taxonomy":"post_tag","embeddable":true,"href":"https:\/\/jms.com.bo\/mediamonitor\/wp-json\/wp\/v2\/tags?post=90264"}],"curies":[{"name":"wp","href":"https:\/\/api.w.org\/{rel}","templated":true}]}}