{"id":90270,"date":"2026-09-01T07:40:18","date_gmt":"2026-09-01T11:40:18","guid":{"rendered":"https:\/\/mediamonitorbo.com.bo\/?p=27447"},"modified":"2026-09-01T07:40:18","modified_gmt":"2026-09-01T11:40:18","slug":"comandante-dice-que-hara-cumplir-el-estado-de-excepcion","status":"publish","type":"post","link":"https:\/\/jms.com.bo\/mediamonitor\/2026\/09\/01\/comandante-dice-que-hara-cumplir-el-estado-de-excepcion\/","title":{"rendered":"Comandante dice que har\u00e1 cumplir el estado de excepci\u00f3n"},"content":{"rendered":"<p style=\"text-align: justify\">El nuevo comandante de la Polic\u00eda Boliviana, coronel Adri\u00e1n \u00c1lvarez, afirm\u00f3 que la instituci\u00f3n har\u00e1 cumplir las disposiciones establecidas para el estado de excepci\u00f3n, aunque se\u00f1al\u00f3 que se priorizar\u00e1 el di\u00e1logo con los sectores que anuncien medidas de presi\u00f3n.<\/p>\n<p style=\"text-align: justify\">\u201cVivimos actualmente en un estado de excepci\u00f3n. La normativa es clara. La Polic\u00eda Boliviana va hacer cumplir lo que dispone esta normativa vigente\u201d, declar\u00f3 \u00c1lvarez tras asumir el mando de la instituci\u00f3n.<\/p>\n<p style=\"text-align: justify\">El jefe policial sostuvo, sin embargo, que antes de recurrir a otras medidas se buscar\u00e1 persuadir a los sectores movilizados para que depongan sus acciones y permitan que los conflictos sean resueltos mediante el di\u00e1logo.<\/p>\n<p style=\"text-align: justify\">Informe sobre Evo Morales<\/p>\n<p style=\"text-align: justify\">Sobre la tarea pendiente de ejecutar la aprehensi\u00f3n del expresidente Evo Morales, \u00c1lvarez se\u00f1al\u00f3 que primero solicitar\u00e1 los informes correspondientes para conocer la situaci\u00f3n del caso y, a partir de esa informaci\u00f3n, definir una estrategia.<\/p>\n<p style=\"text-align: justify\">\u201cVamos a pedir los correspondientes informes con referencia a este tema y a partir de ello vamos a generar una estrategia que nos permita abordar y dar cumplimiento a estas disposiciones que son de car\u00e1cter obligatorio y de cumplimiento por la Polic\u00eda Boliviana\u201d, afirm\u00f3.<\/p>\n<p style=\"text-align: justify\">\u00c1lvarez anunci\u00f3 adem\u00e1s que su gesti\u00f3n comenzar\u00e1 con un \u201cdiagn\u00f3stico situacional\u201d destinado a identificar los principales problemas de la instituci\u00f3n y planificar acciones para atender los conflictos internos y las demandas de seguridad ciudadana.<\/p>\n<p style=\"text-align: justify\">El nuevo comandante tambi\u00e9n se refiri\u00f3 a las denuncias de corrupci\u00f3n registradas en los \u00faltimos meses y se\u00f1al\u00f3 que las investigaciones est\u00e1n en curso bajo responsabilidad del \u00d3rgano Judicial y el Ministerio P\u00fablico.<\/p>\n<p style=\"text-align: justify\">En ese marco, asegur\u00f3 que la Polic\u00eda colaborar\u00e1 \u201cde manera responsable, diligente y profesional\u201d con las investigaciones, conforme a la normativa vigente.<\/p>\n<p style=\"text-align: justify\">Respecto a la seguridad en las fronteras y los recientes hechos de violencia, \u00c1lvarez inform\u00f3 que el Ministerio de Gobierno y la Polic\u00eda trabajan en un plan estrat\u00e9gico denominado \u201cFrontera Segura\u201d.<\/p>\n<p style=\"text-align: justify\">Luego de ser posesionado por el presidente Rodrigo Paz, la autoridad policial enfatiz\u00f3 que trabajar\u00e1 para frenar el avance del crimen organizado.<\/p>\n","protected":false},"excerpt":{"rendered":"<p>El nuevo comandante de la Polic\u00eda Boliviana, coronel Adri\u00e1n \u00c1lvarez, afirm\u00f3 que la instituci\u00f3n har\u00e1 cumplir las disposiciones establecidas para el estado de excepci\u00f3n, aunque se\u00f1al\u00f3 que se priorizar\u00e1 el di\u00e1logo con los sectores que anuncien medidas de presi\u00f3n. \u201cVivimos actualmente en un estado de excepci\u00f3n. La normativa es clara. La Polic\u00eda Boliviana va hacer [&hellip;]<\/p>\n","protected":false},"author":1,"featured_media":90271,"comment_status":"closed","ping_status":"open","sticky":false,"template":"","format":"standard","meta":{"footnotes":""},"categories":[20,47,48],"tags":[],"class_list":["post-90270","post","type-post","status-publish","format-standard","has-post-thumbnail","category-actualidad","category-portada-actualidad","category-portada-general-sitio"],"_links":{"self":[{"href":"https:\/\/jms.com.bo\/mediamonitor\/wp-json\/wp\/v2\/posts\/90270","targetHints":{"allow":["GET"]}}],"collection":[{"href":"https:\/\/jms.com.bo\/mediamonitor\/wp-json\/wp\/v2\/posts"}],"about":[{"href":"https:\/\/jms.com.bo\/mediamonitor\/wp-json\/wp\/v2\/types\/post"}],"author":[{"embeddable":true,"href":"https:\/\/jms.com.bo\/mediamonitor\/wp-json\/wp\/v2\/users\/1"}],"replies":[{"embeddable":true,"href":"https:\/\/jms.com.bo\/mediamonitor\/wp-json\/wp\/v2\/comments?post=90270"}],"version-history":[{"count":0,"href":"https:\/\/jms.com.bo\/mediamonitor\/wp-json\/wp\/v2\/posts\/90270\/revisions"}],"wp:featuredmedia":[{"embeddable":true,"href":"https:\/\/jms.com.bo\/mediamonitor\/wp-json\/wp\/v2\/media\/90271"}],"wp:attachment":[{"href":"https:\/\/jms.com.bo\/mediamonitor\/wp-json\/wp\/v2\/media?parent=90270"}],"wp:term":[{"taxonomy":"category","embeddable":true,"href":"https:\/\/jms.com.bo\/mediamonitor\/wp-json\/wp\/v2\/categories?post=90270"},{"taxonomy":"post_tag","embeddable":true,"href":"https:\/\/jms.com.bo\/mediamonitor\/wp-json\/wp\/v2\/tags?post=90270"}],"curies":[{"name":"wp","href":"https:\/\/api.w.org\/{rel}","templated":true}]}}