{"id":90276,"date":"2026-09-01T07:48:30","date_gmt":"2026-09-01T11:48:30","guid":{"rendered":"https:\/\/mediamonitorbo.com.bo\/?p=27456"},"modified":"2026-09-01T07:48:30","modified_gmt":"2026-09-01T11:48:30","slug":"paz-propone-una-reforma-constitucional-rapidito-con-dos-tercios-en-la-asamblea","status":"publish","type":"post","link":"https:\/\/jms.com.bo\/mediamonitor\/2026\/09\/01\/paz-propone-una-reforma-constitucional-rapidito-con-dos-tercios-en-la-asamblea\/","title":{"rendered":"Paz propone una reforma constitucional \u201crapidito\u201d con dos tercios en la Asamblea"},"content":{"rendered":"<p style=\"text-align: justify\">El presidente Rodrigo Paz manifest\u00f3 este lunes su apertura para realizar modificaciones \u201cclaves\u201d a la Constituci\u00f3n Pol\u00edtica del Estado, de manera r\u00e1pida con dos tercios de la Asamblea Legislativa, aunque reconoci\u00f3 que una gran reforma requerir\u00eda un proceso m\u00e1s largo.<\/p>\n<p style=\"text-align: justify\">El mandatario se pronunci\u00f3 en referencia a la propuesta de reforma constitucional que present\u00f3 Jorge Tuto Quiroga, quien abog\u00f3 por modificar la Constituci\u00f3n principalmente para quitar el candado a las inversiones.<\/p>\n<p style=\"text-align: justify\">Paz plante\u00f3 \u201creformas constitucionales, pero claves\u201d.<\/p>\n<p style=\"text-align: justify\">\u201cDos, tres, cuatro reformas Ahora cuando haya que hacer las grandes reformas eso ya son procesos m\u00e1s largos. Y teniendo dos tercios en el parlamento se puede hacer eso rapidito\u201d, manifest\u00f3.<\/p>\n<p style=\"text-align: justify\">Seg\u00fan la Carta Magna, las reformas parciales se pueden hacer mediante ley aprobado por dos tercios y referendo, mientras que reformas de fondo requieren de Asamblea Constituyente.<\/p>\n<p style=\"text-align: justify\">En otro planteamiento a la Asamblea Legislativa, el presidente pidi\u00f3 aprobar las leyes que permitir\u00e1n realizar obras.<\/p>\n<p style=\"text-align: justify\">\u201cSi no quieren estar a favor del presidente, no tengo ning\u00fan problema, pero aprueben las leyes que el d\u00eda de ma\u00f1ana llevar\u00e1n obras a su pueblo, a sus regiones\u201d, dijo durante el acto realizado en Santa Cruz.<\/p>\n<p style=\"text-align: justify\">El presiente rechaz\u00f3 la actitud de parlamentarios que se niegan a aprobar leyes que permitir\u00e1n financiamiento para la protecci\u00f3n social y respaldar el sistema financiero, generado estabilidad para el d\u00f3lar.<\/p>\n<p style=\"text-align: justify\">En ese marco, hizo un llamado a los gobernadores y alcaldes para \u201chacer una sola fuerza\u201d y que las brigadas parlamentarias puedan aprobar esas leyes en beneficio de las regiones.<\/p>\n","protected":false},"excerpt":{"rendered":"<p>El presidente Rodrigo Paz manifest\u00f3 este lunes su apertura para realizar modificaciones \u201cclaves\u201d a la Constituci\u00f3n Pol\u00edtica del Estado, de manera r\u00e1pida con dos tercios de la Asamblea Legislativa, aunque reconoci\u00f3 que una gran reforma requerir\u00eda un proceso m\u00e1s largo. El mandatario se pronunci\u00f3 en referencia a la propuesta de reforma constitucional que present\u00f3 Jorge [&hellip;]<\/p>\n","protected":false},"author":1,"featured_media":90277,"comment_status":"closed","ping_status":"open","sticky":false,"template":"","format":"standard","meta":{"footnotes":""},"categories":[18],"tags":[],"class_list":["post-90276","post","type-post","status-publish","format-standard","has-post-thumbnail","category-politica"],"_links":{"self":[{"href":"https:\/\/jms.com.bo\/mediamonitor\/wp-json\/wp\/v2\/posts\/90276","targetHints":{"allow":["GET"]}}],"collection":[{"href":"https:\/\/jms.com.bo\/mediamonitor\/wp-json\/wp\/v2\/posts"}],"about":[{"href":"https:\/\/jms.com.bo\/mediamonitor\/wp-json\/wp\/v2\/types\/post"}],"author":[{"embeddable":true,"href":"https:\/\/jms.com.bo\/mediamonitor\/wp-json\/wp\/v2\/users\/1"}],"replies":[{"embeddable":true,"href":"https:\/\/jms.com.bo\/mediamonitor\/wp-json\/wp\/v2\/comments?post=90276"}],"version-history":[{"count":0,"href":"https:\/\/jms.com.bo\/mediamonitor\/wp-json\/wp\/v2\/posts\/90276\/revisions"}],"wp:featuredmedia":[{"embeddable":true,"href":"https:\/\/jms.com.bo\/mediamonitor\/wp-json\/wp\/v2\/media\/90277"}],"wp:attachment":[{"href":"https:\/\/jms.com.bo\/mediamonitor\/wp-json\/wp\/v2\/media?parent=90276"}],"wp:term":[{"taxonomy":"category","embeddable":true,"href":"https:\/\/jms.com.bo\/mediamonitor\/wp-json\/wp\/v2\/categories?post=90276"},{"taxonomy":"post_tag","embeddable":true,"href":"https:\/\/jms.com.bo\/mediamonitor\/wp-json\/wp\/v2\/tags?post=90276"}],"curies":[{"name":"wp","href":"https:\/\/api.w.org\/{rel}","templated":true}]}}