{"id":90278,"date":"2026-09-01T07:50:31","date_gmt":"2026-09-01T11:50:31","guid":{"rendered":"https:\/\/mediamonitorbo.com.bo\/?p=27459"},"modified":"2026-09-01T07:50:31","modified_gmt":"2026-09-01T11:50:31","slug":"japon-y-bolivia-amplian-perspectivas-de-cooperacion-en-litio-y-tierras-raras","status":"publish","type":"post","link":"https:\/\/jms.com.bo\/mediamonitor\/2026\/09\/01\/japon-y-bolivia-amplian-perspectivas-de-cooperacion-en-litio-y-tierras-raras\/","title":{"rendered":"Jap\u00f3n y Bolivia ampl\u00edan perspectivas de cooperaci\u00f3n en litio y tierras raras"},"content":{"rendered":"<p style=\"text-align: justify\">Bolivia y Jap\u00f3n acordaron fortalecer relaciones y explorar nuevas oportunidades de cooperaci\u00f3n en minerales cr\u00edticos, energ\u00eda e inversiones, en un contexto marcado por la b\u00fasqueda de cadenas de suministro m\u00e1s seguras y diversificadas.<\/p>\n<p style=\"text-align: justify\">El acercamiento se produjo el 28 de agosto en Jap\u00f3n, durante una reuni\u00f3n entre la viceministra parlamentaria de Relaciones Exteriores de Jap\u00f3n, ERI Arfiya, y el viceministro boliviano de Comercio Exterior, Inversiones e Integraci\u00f3n, Rodrigo Ignacio Arce.<\/p>\n<p style=\"text-align: justify\">Durante el encuentro, Arfiya destac\u00f3 que Jap\u00f3n y Bolivia son pa\u00edses que comparten valores y principios y expres\u00f3 el inter\u00e9s de Tokio en profundizar la cooperaci\u00f3n bilateral en el marco del Indo-Pac\u00edfico Libre y Abierto (FOIP).<\/p>\n<p style=\"text-align: justify\">Arce, por su parte, afirm\u00f3 que Bolivia tambi\u00e9n comparte esos principios y manifest\u00f3 la voluntad del pa\u00eds de continuar fortaleciendo una relaci\u00f3n bilateral que tiene una larga trayectoria.<\/p>\n<p style=\"text-align: justify\">Cooperaci\u00f3n<br \/>\nUno de los principales puntos de la reuni\u00f3n fue la seguridad econ\u00f3mica y el fortalecimiento de las cadenas globales de suministro, \u00e1rea en la que Jap\u00f3n busca ampliar la cooperaci\u00f3n con pa\u00edses que cuentan con recursos estrat\u00e9gicos.<\/p>\n<p style=\"text-align: justify\">En ese contexto, Arce plante\u00f3 el inter\u00e9s de Bolivia en profundizar la cooperaci\u00f3n con Jap\u00f3n en minerales cr\u00edticos, particularmente litio y tierras raras, adem\u00e1s del sector energ\u00e9tico.<\/p>\n<p style=\"text-align: justify\">El viceministro tambi\u00e9n expres\u00f3 la expectativa de que este acercamiento pueda traducirse en mayores inversiones japonesas en Bolivia, abriendo oportunidades para avanzar desde la exportaci\u00f3n de materias primas hacia proyectos que incorporen tecnolog\u00eda, capital y mayor valor agregado.<\/p>\n<p style=\"text-align: justify\">La agenda adquiere relevancia para Bolivia en momentos en que los minerales cr\u00edticos ganan importancia en las cadenas industriales y tecnol\u00f3gicas globales, mientras distintos pa\u00edses buscan asegurar el suministro de recursos necesarios para la transici\u00f3n energ\u00e9tica.<\/p>\n<p style=\"text-align: justify\">GREEN\u00d7EXPO 2027<br \/>\nDurante la reuni\u00f3n, Arce tambi\u00e9n manifest\u00f3 el inter\u00e9s de Bolivia en participar en la GREEN\u00d7EXPO 2027, que se realizar\u00e1 en Jap\u00f3n.<\/p>\n<p style=\"text-align: justify\">La representante japonesa dio la bienvenida a la intenci\u00f3n boliviana de participar en este evento, que puede convertirse en otro espacio para mostrar las capacidades del pa\u00eds y generar contactos en materia de inversi\u00f3n, innovaci\u00f3n, energ\u00eda y sostenibilidad.<\/p>\n<p style=\"text-align: justify\">Ambas autoridades tambi\u00e9n intercambiaron criterios sobre la cooperaci\u00f3n para el desarrollo y la situaci\u00f3n en Asia Oriental, adem\u00e1s de ratificar su disposici\u00f3n a mantener una coordinaci\u00f3n estrecha en los foros internacionales.<\/p>\n<p style=\"text-align: justify\">El encuentro abre as\u00ed una agenda que combina recursos estrat\u00e9gicos, inversi\u00f3n y cooperaci\u00f3n tecnol\u00f3gica, con el objetivo de que la relaci\u00f3n entre Bolivia y Jap\u00f3n pueda adquirir una nueva dimensi\u00f3n econ\u00f3mica y comercial.<\/p>\n","protected":false},"excerpt":{"rendered":"<p>Bolivia y Jap\u00f3n acordaron fortalecer relaciones y explorar nuevas oportunidades de cooperaci\u00f3n en minerales cr\u00edticos, energ\u00eda e inversiones, en un contexto marcado por la b\u00fasqueda de cadenas de suministro m\u00e1s seguras y diversificadas. El acercamiento se produjo el 28 de agosto en Jap\u00f3n, durante una reuni\u00f3n entre la viceministra parlamentaria de Relaciones Exteriores de Jap\u00f3n, [&hellip;]<\/p>\n","protected":false},"author":1,"featured_media":90279,"comment_status":"closed","ping_status":"open","sticky":false,"template":"","format":"standard","meta":{"footnotes":""},"categories":[25],"tags":[],"class_list":["post-90278","post","type-post","status-publish","format-standard","has-post-thumbnail","category-economia"],"_links":{"self":[{"href":"https:\/\/jms.com.bo\/mediamonitor\/wp-json\/wp\/v2\/posts\/90278","targetHints":{"allow":["GET"]}}],"collection":[{"href":"https:\/\/jms.com.bo\/mediamonitor\/wp-json\/wp\/v2\/posts"}],"about":[{"href":"https:\/\/jms.com.bo\/mediamonitor\/wp-json\/wp\/v2\/types\/post"}],"author":[{"embeddable":true,"href":"https:\/\/jms.com.bo\/mediamonitor\/wp-json\/wp\/v2\/users\/1"}],"replies":[{"embeddable":true,"href":"https:\/\/jms.com.bo\/mediamonitor\/wp-json\/wp\/v2\/comments?post=90278"}],"version-history":[{"count":0,"href":"https:\/\/jms.com.bo\/mediamonitor\/wp-json\/wp\/v2\/posts\/90278\/revisions"}],"wp:featuredmedia":[{"embeddable":true,"href":"https:\/\/jms.com.bo\/mediamonitor\/wp-json\/wp\/v2\/media\/90279"}],"wp:attachment":[{"href":"https:\/\/jms.com.bo\/mediamonitor\/wp-json\/wp\/v2\/media?parent=90278"}],"wp:term":[{"taxonomy":"category","embeddable":true,"href":"https:\/\/jms.com.bo\/mediamonitor\/wp-json\/wp\/v2\/categories?post=90278"},{"taxonomy":"post_tag","embeddable":true,"href":"https:\/\/jms.com.bo\/mediamonitor\/wp-json\/wp\/v2\/tags?post=90278"}],"curies":[{"name":"wp","href":"https:\/\/api.w.org\/{rel}","templated":true}]}}