{"id":90280,"date":"2026-09-01T07:51:49","date_gmt":"2026-09-01T11:51:49","guid":{"rendered":"https:\/\/mediamonitorbo.com.bo\/?p=27462"},"modified":"2026-09-01T07:51:49","modified_gmt":"2026-09-01T11:51:49","slug":"paz-reitera-defensa-de-decreto-sobre-diesel-y-pide-a-santa-cruz-pensar-en-el-pais","status":"publish","type":"post","link":"https:\/\/jms.com.bo\/mediamonitor\/2026\/09\/01\/paz-reitera-defensa-de-decreto-sobre-diesel-y-pide-a-santa-cruz-pensar-en-el-pais\/","title":{"rendered":"Paz reitera defensa de decreto sobre di\u00e9sel y pide a Santa Cruz pensar en el pa\u00eds"},"content":{"rendered":"<p style=\"text-align: justify\">El presidente Rodrigo Paz, durante la firma de un acuerdo con la Asociaci\u00f3n de Municipios de Santa Cruz (Amdecruz) para gestionar recursos de Fonplata destinados a la ejecuci\u00f3n de proyectos de infraestructura en 19 municipios cruce\u00f1os, reiter\u00f3 su defensa del decreto supremo relacionado con la subvenci\u00f3n del di\u00e9sel y pidi\u00f3 a Santa Cruz pensar en el pa\u00eds.<\/p>\n<p style=\"text-align: justify\">Paz resalt\u00f3 que el dinero que se gasta en subvenci\u00f3n del di\u00e9sel debe ser invertido en obras para los municipios. La norma que establece la venta del di\u00e9sel sin subsidio a un precio referencial de 18 bolivianos el litro para tres grupos de compradores que adquieren mensualmente m\u00e1s de 120 litros.<\/p>\n<p style=\"text-align: justify\">\u201cEsa platita o la gastamos en la subvenci\u00f3n del combustible, o la ponemos en obras para los municipios. Ustedes deciden, porque durante veinte a\u00f1os pues no se sincer\u00f3 la econom\u00eda, hay que sincerar la econom\u00eda\u201d, afirm\u00f3 Paz.<\/p>\n<p style=\"text-align: justify\">Paz plante\u00f3 como opciones destinar los recursos a la construcci\u00f3n de colegios, escuelas, hospitales y carreteras o mantener el gasto destinado a la subvenci\u00f3n del di\u00e9sel. Se\u00f1al\u00f3 que el Estado destina $us 60 millones cada diez d\u00edas para subvencionar este carburante.<\/p>\n<p style=\"text-align: justify\">\u201cLo que no podemos seguir es haciendo rico a unos cuantos pillos que nos contrabandean los combustibles y nos est\u00e1n quitando los colegios, las escuelas, nos est\u00e1n quitando los hospitales, las carreteras, por no sincerar, como se dice en la calle, la relaci\u00f3n con el combustible\u201d, recalc\u00f3.<\/p>\n<p style=\"text-align: justify\">El mandatario indic\u00f3 que se ha buscado diferentes soluciones al tema del carburante pero recalc\u00f3 que el precio es el \u201cincentivo a la corrupci\u00f3n\u201d.<\/p>\n<p style=\"text-align: justify\">Durante el encuentro, el mandatario firm\u00f3 un convenio en el marco del Programa Nacional de Infraestructuras Complementarias para Espacios Deportivos en Unidades Educativas de Bolivia, que contempla la intervenci\u00f3n de 51 unidades educativas del \u00e1rea rural y urbana del departamento. Las obras abarcan una superficie de m\u00e1s de 28.000 metros cuadrados y demandan una inversi\u00f3n superior a Bs 59 millones.<\/p>\n<p style=\"text-align: justify\">Los proyectos podr\u00e1n generar m\u00e1s de 1.000 empleos directos y alrededor de 5.000 empleos indirectos<\/p>\n<p style=\"text-align: justify\">El mandatario destac\u00f3 el rol de Santa Cruz en la generaci\u00f3n de oportunidades para los bolivianos y pidi\u00f3 al departamento no perder su visi\u00f3n de pensar en grande. Se\u00f1al\u00f3 que el departamento no solo representa intereses regionales, sino tambi\u00e9n una visi\u00f3n diferente de Bolivia para el pa\u00eds.<\/p>\n<p style=\"text-align: justify\">\u201cEn el momento que Santa Cruz solo piensa en Santa Cruz, ah\u00ed acab\u00f3 su futuro. Cuando Santa Cruz piensa en el crecimiento y el desarrollo m\u00e1s all\u00e1 de las fronteras, es cuando crece, se expande, y se expresa no solo en la patria, sino se expresa en el continente, y en los mercados donde llegan muchos de los productos que se desarrollan o se elaboran en esta regi\u00f3n\u201d, afirm\u00f3.<\/p>\n<p style=\"text-align: justify\">Paz anuncia \u201cnotici\u00f3n\u201d para Santa Cruz en el tema energ\u00e9tico<\/p>\n<p style=\"text-align: justify\">En el encuentro el presidente tambi\u00e9n anunci\u00f3 que en el mes de septiembre se dar\u00e1 un \u201cgran notici\u00f3n\u201d a la regi\u00f3n relacionado a temas energ\u00e9ticos.<\/p>\n<p style=\"text-align: justify\">\u201cEn septiembre en Santa Cruz daremos un gran notici\u00f3n sobre tema energ\u00e9tico que no solo va a ayudar a Bolivia sino que le va a ayudar a las arcas cruce\u00f1as con su 11 % en regal\u00edas para que puedan desarrollar sus obras y sus proyectos\u201d, afirm\u00f3 el mandatario.<\/p>\n","protected":false},"excerpt":{"rendered":"<p>El presidente Rodrigo Paz, durante la firma de un acuerdo con la Asociaci\u00f3n de Municipios de Santa Cruz (Amdecruz) para gestionar recursos de Fonplata destinados a la ejecuci\u00f3n de proyectos de infraestructura en 19 municipios cruce\u00f1os, reiter\u00f3 su defensa del decreto supremo relacionado con la subvenci\u00f3n del di\u00e9sel y pidi\u00f3 a Santa Cruz pensar en [&hellip;]<\/p>\n","protected":false},"author":1,"featured_media":90281,"comment_status":"closed","ping_status":"open","sticky":false,"template":"","format":"standard","meta":{"footnotes":""},"categories":[25],"tags":[],"class_list":["post-90280","post","type-post","status-publish","format-standard","has-post-thumbnail","category-economia"],"_links":{"self":[{"href":"https:\/\/jms.com.bo\/mediamonitor\/wp-json\/wp\/v2\/posts\/90280","targetHints":{"allow":["GET"]}}],"collection":[{"href":"https:\/\/jms.com.bo\/mediamonitor\/wp-json\/wp\/v2\/posts"}],"about":[{"href":"https:\/\/jms.com.bo\/mediamonitor\/wp-json\/wp\/v2\/types\/post"}],"author":[{"embeddable":true,"href":"https:\/\/jms.com.bo\/mediamonitor\/wp-json\/wp\/v2\/users\/1"}],"replies":[{"embeddable":true,"href":"https:\/\/jms.com.bo\/mediamonitor\/wp-json\/wp\/v2\/comments?post=90280"}],"version-history":[{"count":0,"href":"https:\/\/jms.com.bo\/mediamonitor\/wp-json\/wp\/v2\/posts\/90280\/revisions"}],"wp:featuredmedia":[{"embeddable":true,"href":"https:\/\/jms.com.bo\/mediamonitor\/wp-json\/wp\/v2\/media\/90281"}],"wp:attachment":[{"href":"https:\/\/jms.com.bo\/mediamonitor\/wp-json\/wp\/v2\/media?parent=90280"}],"wp:term":[{"taxonomy":"category","embeddable":true,"href":"https:\/\/jms.com.bo\/mediamonitor\/wp-json\/wp\/v2\/categories?post=90280"},{"taxonomy":"post_tag","embeddable":true,"href":"https:\/\/jms.com.bo\/mediamonitor\/wp-json\/wp\/v2\/tags?post=90280"}],"curies":[{"name":"wp","href":"https:\/\/api.w.org\/{rel}","templated":true}]}}