{"id":90302,"date":"2026-09-02T07:16:43","date_gmt":"2026-09-02T11:16:43","guid":{"rendered":"https:\/\/mediamonitorbo.com.bo\/?p=27501"},"modified":"2026-09-02T07:16:43","modified_gmt":"2026-09-02T11:16:43","slug":"interculturales-de-cuatro-canadas-instruyen-bloqueo-de-carreteras-pese-al-estado-de-excepcion","status":"publish","type":"post","link":"https:\/\/jms.com.bo\/mediamonitor\/2026\/09\/02\/interculturales-de-cuatro-canadas-instruyen-bloqueo-de-carreteras-pese-al-estado-de-excepcion\/","title":{"rendered":"Interculturales de Cuatro Ca\u00f1adas instruyen bloqueo de carreteras, pese al estado de excepci\u00f3n"},"content":{"rendered":"<p style=\"text-align: justify\">La Federaci\u00f3n Sindical de Comunidades Interculturales Productores Agropecuarios \u201cCuatro Ca\u00f1adas\u201d instruy\u00f3 a sus seis centrales y 36 comunidades afiliadas a ejecutar un bloqueo y cierre temporal de carreteras durante 24 horas, a partir de las 00:00 del mi\u00e9rcoles 2 de septiembre de 2026, en rechazo al Decreto Supremo 5676 que sube el precio del litro de di\u00e9sel a Bs 18 para grandes consumidores.<\/p>\n<p style=\"text-align: justify\">La determinaci\u00f3n fue asumida pese a al estado de excepci\u00f3n y se la comunic\u00f3 mediante un instructivo emitido este martes, en el que la organizaci\u00f3n se\u00f1ala que la medida responde a la falta de una soluci\u00f3n concreta a las demandas planteadas por el sector productivo desde el pronunciamiento realizado el pasado 18 de agosto.<\/p>\n<p style=\"text-align: justify\">Seg\u00fan el documento, los productores exigen la abrogaci\u00f3n del Decreto Supremo 5676 y advierten que, ante la falta de respuesta, se decidi\u00f3 activar medidas de presi\u00f3n. \u201cDesde las 00:00 horas del mi\u00e9rcoles 2 de septiembre de 2026 se desarrollar\u00e1 una medida de presi\u00f3n de 24 horas, consistente en el bloqueo y cierre temporal de carreteras\u201d, se\u00f1ala el instructivo.<\/p>\n<p style=\"text-align: justify\">La organizaci\u00f3n instruy\u00f3 a las seis centrales y 36 comunidades coordinar de manera inmediata con sus respectivas bases y organizaciones productivas para garantizar el cumplimiento de la medida.<\/p>\n<p style=\"text-align: justify\">Asimismo, pidi\u00f3 que la protesta se desarrolle de manera organizada, pac\u00edfica y responsable, resguardando la integridad de las personas y evitando hechos de violencia o confrontaci\u00f3n. Las dirigencias deber\u00e1n mantener comunicaci\u00f3n permanente con la Federaci\u00f3n durante la jornada.<\/p>\n<p style=\"text-align: justify\">Una vez cumplidas las 24 horas de bloqueo, las centrales, comunidades y organizaciones productivas realizar\u00e1n una evaluaci\u00f3n conjunta para definir las acciones posteriores, de acuerdo con las determinaciones de sus bases.<\/p>\n<p style=\"text-align: justify\">El instructivo tambi\u00e9n convoca a juntas vecinales, transportistas, gremiales, asociaciones productivas, organizaciones de mujeres, juventudes, trabajadores e instituciones del municipio de Cuatro Ca\u00f1adas a conocer la determinaci\u00f3n y participar en los espacios de coordinaci\u00f3n social que correspondan.<\/p>\n","protected":false},"excerpt":{"rendered":"<p>La Federaci\u00f3n Sindical de Comunidades Interculturales Productores Agropecuarios \u201cCuatro Ca\u00f1adas\u201d instruy\u00f3 a sus seis centrales y 36 comunidades afiliadas a ejecutar un bloqueo y cierre temporal de carreteras durante 24 horas, a partir de las 00:00 del mi\u00e9rcoles 2 de septiembre de 2026, en rechazo al Decreto Supremo 5676 que sube el precio del litro [&hellip;]<\/p>\n","protected":false},"author":1,"featured_media":90303,"comment_status":"closed","ping_status":"open","sticky":false,"template":"","format":"standard","meta":{"footnotes":""},"categories":[49],"tags":[],"class_list":["post-90302","post","type-post","status-publish","format-standard","has-post-thumbnail","category-social"],"_links":{"self":[{"href":"https:\/\/jms.com.bo\/mediamonitor\/wp-json\/wp\/v2\/posts\/90302","targetHints":{"allow":["GET"]}}],"collection":[{"href":"https:\/\/jms.com.bo\/mediamonitor\/wp-json\/wp\/v2\/posts"}],"about":[{"href":"https:\/\/jms.com.bo\/mediamonitor\/wp-json\/wp\/v2\/types\/post"}],"author":[{"embeddable":true,"href":"https:\/\/jms.com.bo\/mediamonitor\/wp-json\/wp\/v2\/users\/1"}],"replies":[{"embeddable":true,"href":"https:\/\/jms.com.bo\/mediamonitor\/wp-json\/wp\/v2\/comments?post=90302"}],"version-history":[{"count":0,"href":"https:\/\/jms.com.bo\/mediamonitor\/wp-json\/wp\/v2\/posts\/90302\/revisions"}],"wp:featuredmedia":[{"embeddable":true,"href":"https:\/\/jms.com.bo\/mediamonitor\/wp-json\/wp\/v2\/media\/90303"}],"wp:attachment":[{"href":"https:\/\/jms.com.bo\/mediamonitor\/wp-json\/wp\/v2\/media?parent=90302"}],"wp:term":[{"taxonomy":"category","embeddable":true,"href":"https:\/\/jms.com.bo\/mediamonitor\/wp-json\/wp\/v2\/categories?post=90302"},{"taxonomy":"post_tag","embeddable":true,"href":"https:\/\/jms.com.bo\/mediamonitor\/wp-json\/wp\/v2\/tags?post=90302"}],"curies":[{"name":"wp","href":"https:\/\/api.w.org\/{rel}","templated":true}]}}