{"id":90306,"date":"2026-09-02T07:19:40","date_gmt":"2026-09-02T11:19:40","guid":{"rendered":"https:\/\/mediamonitorbo.com.bo\/?p=27507"},"modified":"2026-09-02T07:19:40","modified_gmt":"2026-09-02T11:19:40","slug":"escalan-las-protestas-en-rechazo-al-decreto-5676-con-anuncio-de-bloqueos-en-tres-municipios-crucenos","status":"publish","type":"post","link":"https:\/\/jms.com.bo\/mediamonitor\/2026\/09\/02\/escalan-las-protestas-en-rechazo-al-decreto-5676-con-anuncio-de-bloqueos-en-tres-municipios-crucenos\/","title":{"rendered":"Escalan las protestas en rechazo al decreto 5676 con anuncio de bloqueos en tres municipios cruce\u00f1os"},"content":{"rendered":"<p style=\"text-align: justify\">Se agrava el conflicto entre el gobierno y diversos sectores que rechazan el precio diferenciado del di\u00e9sel a Bs 18, impuesto mediante el Decreto Supremo (DS) 5676.<\/p>\n<p style=\"text-align: justify\">Productores y otros sectores anunciaron bloqueos este mi\u00e9rcoles, inicialmente por 24 horas en los municipios cruce\u00f1os de Cuatro Ca\u00f1adas y San Juli\u00e1n, en la ruta que conecta Santa Cruz con Trinidad y en Yapacan\u00ed, en la carretera nueva entre Santa Cruz y Cochabamba. Un productor de Villa Para\u00edso confirm\u00f3 el bloqueo en Cuatro Ca\u00f1adas desde las primeras horas de este mi\u00e9rcoles.<\/p>\n<p style=\"text-align: justify\">El ministro de Obras P\u00fablicas, Mauricio Zamora, ratific\u00f3 la posibilidad de hacer ajustes al decreto 5676.<\/p>\n<p style=\"text-align: justify\">Emplazan al gobierno a tomar decisiones<\/p>\n<p style=\"text-align: justify\">\u00abCoincidimos con el Presidente: hay que sincerar la econom\u00eda. Pero sincerar no es una decisi\u00f3n que se le puede pedir a la sociedad; es una decisi\u00f3n de Gobierno\u00bb, se\u00f1al\u00f3 el presidente de la C\u00e1mara de Industria y Comercio (Cainco) de Santa Cruz, Jean Pierre Antelo.<\/p>\n<p style=\"text-align: justify\">Y el sinceramiento, seg\u00fan el directivo, pasa por tener un solo precio del di\u00e9sel, no dos, aprobar medidas de protecci\u00f3n social para quienes sentir\u00e1n el ajuste y dar reglas claras a los privados para que entren a la importaci\u00f3n y comercializaci\u00f3n para abastecer el mercado.<\/p>\n<p style=\"text-align: justify\">La C\u00e1mara Nacional de Comercio (CNC) tambi\u00e9n pidi\u00f3 la abrogaci\u00f3n del decreto 5676 y que en su lugar se apruebe otro que fije un precio \u00fanico de combustibles, adem\u00e1s de la liberaci\u00f3n total de la importaci\u00f3n, incluido el impuesto cero. La norma \u201cno combate el mercado negro, lo financia, y no se corrige reglament\u00e1ndolo porque la dualidad de precios no es un error de esta norma, es su arquitectura\u00bb, dijo Eduardo Olivo, presidente de la CNC.<\/p>\n<p style=\"text-align: justify\">El directorio del Comit\u00e9 pro Santa Cruz convoc\u00f3 a una Asamblea de la Cruce\u00f1idad el 9 de septiembre donde sacar\u00e1n una propuesta y posibles medidas si el gobierno no elimina la norma.<\/p>\n","protected":false},"excerpt":{"rendered":"<p>Se agrava el conflicto entre el gobierno y diversos sectores que rechazan el precio diferenciado del di\u00e9sel a Bs 18, impuesto mediante el Decreto Supremo (DS) 5676. Productores y otros sectores anunciaron bloqueos este mi\u00e9rcoles, inicialmente por 24 horas en los municipios cruce\u00f1os de Cuatro Ca\u00f1adas y San Juli\u00e1n, en la ruta que conecta Santa [&hellip;]<\/p>\n","protected":false},"author":1,"featured_media":90307,"comment_status":"closed","ping_status":"open","sticky":false,"template":"","format":"standard","meta":{"footnotes":""},"categories":[49],"tags":[],"class_list":["post-90306","post","type-post","status-publish","format-standard","has-post-thumbnail","category-social"],"_links":{"self":[{"href":"https:\/\/jms.com.bo\/mediamonitor\/wp-json\/wp\/v2\/posts\/90306","targetHints":{"allow":["GET"]}}],"collection":[{"href":"https:\/\/jms.com.bo\/mediamonitor\/wp-json\/wp\/v2\/posts"}],"about":[{"href":"https:\/\/jms.com.bo\/mediamonitor\/wp-json\/wp\/v2\/types\/post"}],"author":[{"embeddable":true,"href":"https:\/\/jms.com.bo\/mediamonitor\/wp-json\/wp\/v2\/users\/1"}],"replies":[{"embeddable":true,"href":"https:\/\/jms.com.bo\/mediamonitor\/wp-json\/wp\/v2\/comments?post=90306"}],"version-history":[{"count":0,"href":"https:\/\/jms.com.bo\/mediamonitor\/wp-json\/wp\/v2\/posts\/90306\/revisions"}],"wp:featuredmedia":[{"embeddable":true,"href":"https:\/\/jms.com.bo\/mediamonitor\/wp-json\/wp\/v2\/media\/90307"}],"wp:attachment":[{"href":"https:\/\/jms.com.bo\/mediamonitor\/wp-json\/wp\/v2\/media?parent=90306"}],"wp:term":[{"taxonomy":"category","embeddable":true,"href":"https:\/\/jms.com.bo\/mediamonitor\/wp-json\/wp\/v2\/categories?post=90306"},{"taxonomy":"post_tag","embeddable":true,"href":"https:\/\/jms.com.bo\/mediamonitor\/wp-json\/wp\/v2\/tags?post=90306"}],"curies":[{"name":"wp","href":"https:\/\/api.w.org\/{rel}","templated":true}]}}