{"id":90312,"date":"2026-09-02T07:25:11","date_gmt":"2026-09-02T11:25:11","guid":{"rendered":"https:\/\/mediamonitorbo.com.bo\/?p=27517"},"modified":"2026-09-02T07:25:11","modified_gmt":"2026-09-02T11:25:11","slug":"septiembre-se-encendio-con-fervor-civico-en-cre-alista-retreta-y-show-musical-en-expocruz","status":"publish","type":"post","link":"https:\/\/jms.com.bo\/mediamonitor\/2026\/09\/02\/septiembre-se-encendio-con-fervor-civico-en-cre-alista-retreta-y-show-musical-en-expocruz\/","title":{"rendered":"Septiembre se encendi\u00f3 con fervor c\u00edvico en CRE: alista retreta y show musical en Expocruz"},"content":{"rendered":"<p style=\"text-align: justify\">Con el pecho henchido de orgullo, los funcionarios de la Cooperativa Rural de Electricidad R.L. (CRE) comenzaron hoy los actos conmemorativos para honrar la gesta libertaria de 1810. Bajo una persistente llovizna, a las 9:00, en la Plaza de la Luz se realz\u00f3 la iza de la bandera cruce\u00f1a a la cabeza de Jos\u00e9 Alejandro Dur\u00e1n Rek, presidente del Consejo de Administraci\u00f3n; \u00d3scar Mauricio Maldonado, presidente del Consejo de Vigilancia y Mario Carmelo Paz Dur\u00e1n, gerente general.<\/p>\n<p style=\"text-align: justify\">Las autoridades de la Distribuidora el\u00e9ctrica desplegaron al cielo la Bandera del Patuj\u00fa, el s\u00edmbolo que representa a los pueblos ind\u00edgenas de las tierras bajas; adem\u00e1s de la insignia de la Cooperativa y de la verde blanco y verde, el m\u00e1ximo emblema departamental. \u201cRendimos un justo homenaje a los h\u00e9roes que derramaron su sangre en los campos de La Florida, Santa B\u00e1rbara y El Pari. Ellos rompieron las cadenas del yugo realista y colocaron a Santa Cruz en el sitial que hoy ostenta: el motor de desarrollo y crecimiento de todo el pa\u00eds\u201d, expres\u00f3 Dur\u00e1n Rek.<\/p>\n<p style=\"text-align: justify\">El ejecutivo record\u00f3 que son 216 a\u00f1os de historia, de lucha inquebrantable y de una b\u00fasqueda constante de libertad. Adem\u00e1s, enfatiz\u00f3 que, en este mes festivo, la Plaza de la Luz y las oficinas de atenci\u00f3n de CRE se visten de gala. \u201cHemos recreado nuestra flora, fauna y los paisajes orientales para que las familias disfruten de la esencia cruce\u00f1a\u201d, expres\u00f3 Dur\u00e1n Rek, a tiempo de inaugurar el \u201cArco de la cruce\u00f1idad\u201d, un atractivo tur\u00edstico decorado con mil sombreros de sa\u00f3 y figuras de aves nativas.<\/p>\n<p style=\"text-align: justify\">La Cooperativa extender\u00e1 los festejos con una Retreta Cultural que se realizar\u00e1 el viernes 4 de septiembre, desde las 19:00, en la \u201cCasona Antigua de CRE\u201d, ubicada en la calle Honduras, esq. Busch. El espect\u00e1culo musical gratuito ser\u00e1 animado por Andr\u00e9s Llad\u00f3 y contar\u00e1 con la participaci\u00f3n especial del Coro Cantar Cruce\u00f1o, Darwin Olmos, Elvita Quintela, Sonia Barrientos, Gu\u00edsela Santa Cruz y Tingo Vincenti. Adem\u00e1s, de las nuevas voces: Alexandra Aponte, Sebas Soliz y Tiziana Zankyz.<\/p>\n<p style=\"text-align: justify\">El cierre de las conmemoraciones ser\u00e1 en la Expocruz, donde CRE presentar\u00e1 en su stand el musical denominado \u201cAmanecer\u201d, con la actuaci\u00f3n de m\u00e1s de una veintena de actores profesionales. La obra teatral es in\u00e9dita y representar\u00e1 el despertar cruce\u00f1o y el recorrido de Santa Cruz hasta convertirse en el departamento que ilumina a Bolivia. Se trata de un regalo de la Cooperativa para la poblaci\u00f3n que se d\u00e9 cita al evento comercial. De esta manera, la Distribuidora el\u00e9ctrica celebra la conquista de la libertad, despu\u00e9s de quince largos a\u00f1os de sacrificio popular, desde aquel glorioso 24 de septiembre hasta la emancipaci\u00f3n definitiva, que forj\u00f3 el destino de esta tierra bendita.<\/p>\n","protected":false},"excerpt":{"rendered":"<p>Con el pecho henchido de orgullo, los funcionarios de la Cooperativa Rural de Electricidad R.L. (CRE) comenzaron hoy los actos conmemorativos para honrar la gesta libertaria de 1810. Bajo una persistente llovizna, a las 9:00, en la Plaza de la Luz se realz\u00f3 la iza de la bandera cruce\u00f1a a la cabeza de Jos\u00e9 Alejandro [&hellip;]<\/p>\n","protected":false},"author":1,"featured_media":90313,"comment_status":"closed","ping_status":"open","sticky":false,"template":"","format":"standard","meta":{"footnotes":""},"categories":[20],"tags":[],"class_list":["post-90312","post","type-post","status-publish","format-standard","has-post-thumbnail","category-actualidad"],"_links":{"self":[{"href":"https:\/\/jms.com.bo\/mediamonitor\/wp-json\/wp\/v2\/posts\/90312","targetHints":{"allow":["GET"]}}],"collection":[{"href":"https:\/\/jms.com.bo\/mediamonitor\/wp-json\/wp\/v2\/posts"}],"about":[{"href":"https:\/\/jms.com.bo\/mediamonitor\/wp-json\/wp\/v2\/types\/post"}],"author":[{"embeddable":true,"href":"https:\/\/jms.com.bo\/mediamonitor\/wp-json\/wp\/v2\/users\/1"}],"replies":[{"embeddable":true,"href":"https:\/\/jms.com.bo\/mediamonitor\/wp-json\/wp\/v2\/comments?post=90312"}],"version-history":[{"count":0,"href":"https:\/\/jms.com.bo\/mediamonitor\/wp-json\/wp\/v2\/posts\/90312\/revisions"}],"wp:featuredmedia":[{"embeddable":true,"href":"https:\/\/jms.com.bo\/mediamonitor\/wp-json\/wp\/v2\/media\/90313"}],"wp:attachment":[{"href":"https:\/\/jms.com.bo\/mediamonitor\/wp-json\/wp\/v2\/media?parent=90312"}],"wp:term":[{"taxonomy":"category","embeddable":true,"href":"https:\/\/jms.com.bo\/mediamonitor\/wp-json\/wp\/v2\/categories?post=90312"},{"taxonomy":"post_tag","embeddable":true,"href":"https:\/\/jms.com.bo\/mediamonitor\/wp-json\/wp\/v2\/tags?post=90312"}],"curies":[{"name":"wp","href":"https:\/\/api.w.org\/{rel}","templated":true}]}}