{"id":90314,"date":"2026-09-02T07:27:14","date_gmt":"2026-09-02T11:27:14","guid":{"rendered":"https:\/\/mediamonitorbo.com.bo\/?p=27520"},"modified":"2026-09-02T07:27:14","modified_gmt":"2026-09-02T11:27:14","slug":"cerimedo-iba-a-trabajar-para-dunn-fue-parte-la-campana-de-andronico-y-se-lo-pasaron-a-paz","status":"publish","type":"post","link":"https:\/\/jms.com.bo\/mediamonitor\/2026\/09\/02\/cerimedo-iba-a-trabajar-para-dunn-fue-parte-la-campana-de-andronico-y-se-lo-pasaron-a-paz\/","title":{"rendered":"Cerimedo iba a trabajar para Dunn, fue parte la campa\u00f1a de Andr\u00f3nico y se lo pasaron a Paz"},"content":{"rendered":"<p style=\"text-align: justify\">El argentino Fernando Cerimedo iba a trabajar con Jaime Dunn en las elecciones presidenciales, pero como esa candidatura fue anulada, se fue a la campa\u00f1a de Adr\u00f3nico Rodr\u00edguez. Para la segunda vuelta le fue heredado a Rodrigo Paz.<\/p>\n<p style=\"text-align: justify\">\u201cCerimedo estaba en la campa\u00f1a de Andr\u00f3nico, pero antes estaba apalabrado para trabajar con Jaime Dunn, y esa candidatura se cay\u00f3. El trabajo de Cerimedo era hacer guerra sucia y difusi\u00f3n en redes sociales. El financiador de Andr\u00f3nico, no puedo decir su nombre, pero fue un conocido empresario boliviano que vive en los Estados Unidos\u201d, dijo una fuente cercana al excandidato, que pidi\u00f3 mantener su nombre en reserva.<\/p>\n<p style=\"text-align: justify\">A\u00f1adi\u00f3: \u201cAndr\u00f3nico sac\u00f3 8%, sab\u00edamos que ese tipo de gastos eran innecesarios, porque para el equipo de territorio y el nacional no soltaban ni un peso. No perdimos por un tema de comunicaci\u00f3n de medios o redes, sino porque los importante era por voluntades, que eso cansa y porque Andr\u00f3nico era un flojo, Eduardo Del Castillo ten\u00eda mejor equipo que nosotros, pero tuvo ese porcentaje porque iba con la sigla del MAS\u201d.<\/p>\n<p style=\"text-align: justify\">La fuente detall\u00f3 que Cerimedo estaba pagado para la segunda vuelta, es por esa raz\u00f3n que se lo pasaron a Paz. Agreg\u00f3 que ese tipo de campa\u00f1a que hizo el argentino y la de Jaime Dur\u00e1n Barba tuvieron un m\u00ednimo aporte para sus candidatos, porque la victoria de actual presidente fue por otros factores.<\/p>\n","protected":false},"excerpt":{"rendered":"<p>El argentino Fernando Cerimedo iba a trabajar con Jaime Dunn en las elecciones presidenciales, pero como esa candidatura fue anulada, se fue a la campa\u00f1a de Adr\u00f3nico Rodr\u00edguez. Para la segunda vuelta le fue heredado a Rodrigo Paz. \u201cCerimedo estaba en la campa\u00f1a de Andr\u00f3nico, pero antes estaba apalabrado para trabajar con Jaime Dunn, y [&hellip;]<\/p>\n","protected":false},"author":1,"featured_media":90315,"comment_status":"closed","ping_status":"open","sticky":false,"template":"","format":"standard","meta":{"footnotes":""},"categories":[25,45,48],"tags":[],"class_list":["post-90314","post","type-post","status-publish","format-standard","has-post-thumbnail","category-economia","category-portada-economia","category-portada-general-sitio"],"_links":{"self":[{"href":"https:\/\/jms.com.bo\/mediamonitor\/wp-json\/wp\/v2\/posts\/90314","targetHints":{"allow":["GET"]}}],"collection":[{"href":"https:\/\/jms.com.bo\/mediamonitor\/wp-json\/wp\/v2\/posts"}],"about":[{"href":"https:\/\/jms.com.bo\/mediamonitor\/wp-json\/wp\/v2\/types\/post"}],"author":[{"embeddable":true,"href":"https:\/\/jms.com.bo\/mediamonitor\/wp-json\/wp\/v2\/users\/1"}],"replies":[{"embeddable":true,"href":"https:\/\/jms.com.bo\/mediamonitor\/wp-json\/wp\/v2\/comments?post=90314"}],"version-history":[{"count":0,"href":"https:\/\/jms.com.bo\/mediamonitor\/wp-json\/wp\/v2\/posts\/90314\/revisions"}],"wp:featuredmedia":[{"embeddable":true,"href":"https:\/\/jms.com.bo\/mediamonitor\/wp-json\/wp\/v2\/media\/90315"}],"wp:attachment":[{"href":"https:\/\/jms.com.bo\/mediamonitor\/wp-json\/wp\/v2\/media?parent=90314"}],"wp:term":[{"taxonomy":"category","embeddable":true,"href":"https:\/\/jms.com.bo\/mediamonitor\/wp-json\/wp\/v2\/categories?post=90314"},{"taxonomy":"post_tag","embeddable":true,"href":"https:\/\/jms.com.bo\/mediamonitor\/wp-json\/wp\/v2\/tags?post=90314"}],"curies":[{"name":"wp","href":"https:\/\/api.w.org\/{rel}","templated":true}]}}