{"id":90316,"date":"2026-09-02T07:28:16","date_gmt":"2026-09-02T11:28:16","guid":{"rendered":"https:\/\/mediamonitorbo.com.bo\/?p=27523"},"modified":"2026-09-02T07:28:16","modified_gmt":"2026-09-02T11:28:16","slug":"union-europea-incluye-a-bolivia-en-su-lista-de-paises-de-alto-riesgo-por-lavado-de-dinero","status":"publish","type":"post","link":"https:\/\/jms.com.bo\/mediamonitor\/2026\/09\/02\/union-europea-incluye-a-bolivia-en-su-lista-de-paises-de-alto-riesgo-por-lavado-de-dinero\/","title":{"rendered":"Uni\u00f3n Europea incluye a Bolivia en su lista de pa\u00edses de alto riesgo por lavado de dinero"},"content":{"rendered":"<p style=\"text-align: justify\">La Uni\u00f3n Europea (UE) oficializ\u00f3 la incorporaci\u00f3n de Bolivia a su lista de \u201cterceros pa\u00edses de alto riesgo\u201d en materia de lavado de activos y financiamiento del terrorismo.<\/p>\n<p style=\"text-align: justify\">La decisi\u00f3n, formalizada mediante el Reglamento Delegado (UE) 2026\/83 aprobado por la Comisi\u00f3n Europea el 4 de diciembre de 2025 y publicado en el Diario Oficial de la UE el 9 de enero de 2026, a\u00f1ade al pa\u00eds junto a las Islas V\u00edrgenes Brit\u00e1nicas y presiona al Gobierno boliviano para acelerar las reformas exigidas por el Grupo de Acci\u00f3n Financiera Internacional (GAFI).<\/p>\n<p style=\"text-align: justify\">A pesar de que Bruselas reconoci\u00f3 avances desde la evaluaci\u00f3n de diciembre de 2023 \u2013como una mejor comprensi\u00f3n de los riesgos, mayor producci\u00f3n de inteligencia financiera y capacidad de decomiso\u2013, concluy\u00f3 que las medidas a\u00fan son insuficientes para corregir las deficiencias estrat\u00e9gicas del pa\u00eds. Bolivia permanece bajo la vigilancia reforzada del GAFI desde junio de 2025.<\/p>\n<p style=\"text-align: justify\">La medida no constituye una sanci\u00f3n econ\u00f3mica, bloqueo comercial ni congelamiento general de activos. Sin embargo, impone medidas de debida diligencia reforzada a las instituciones financieras europeas para cualquier operaci\u00f3n vinculada a Bolivia, lo que se traducir\u00e1 en ka exigencia de m\u00e1s informaci\u00f3n sobre el origen y destino de los fondos, procesos de verificaci\u00f3n m\u00e1s prolongados y mayores costos de cumplimiento para bancos, inversionistas y empresas y una mayor percepci\u00f3n de riesgo en un momento clave para la atracci\u00f3n de inversiones y el acceso a divisas.<\/p>\n<p style=\"text-align: justify\">Para revertir la clasificaci\u00f3n, Bolivia debe avanzar en las exigencias fijadas por la UE y el GAFI para 2026, como habilitar el uso de t\u00e9cnicas especiales de investigaci\u00f3n en casos de lavado de activos, implementar supervisi\u00f3n basada en riesgos sobre abogados, contadores, agentes inmobiliarios y comerciantes de metales y piedras preciosas, garantizar la actualizaci\u00f3n y exactitud de la informaci\u00f3n sobre los beneficiarios finales de las empresas e incrementar las investigaciones, procesos judiciales y sanciones por lavado de dinero.<\/p>\n<p style=\"text-align: justify\">En la misma resoluci\u00f3n, la UE retir\u00f3 a seis pa\u00edses africanos (entre ellos Nigeria, Mozambique y Sud\u00e1frica) tras certificar sus progresos, dejando en claro que el retiro de Bolivia depender\u00e1 de la efectividad real de sus reformas institucionales.<\/p>\n","protected":false},"excerpt":{"rendered":"<p>La Uni\u00f3n Europea (UE) oficializ\u00f3 la incorporaci\u00f3n de Bolivia a su lista de \u201cterceros pa\u00edses de alto riesgo\u201d en materia de lavado de activos y financiamiento del terrorismo. La decisi\u00f3n, formalizada mediante el Reglamento Delegado (UE) 2026\/83 aprobado por la Comisi\u00f3n Europea el 4 de diciembre de 2025 y publicado en el Diario Oficial de [&hellip;]<\/p>\n","protected":false},"author":1,"featured_media":90317,"comment_status":"closed","ping_status":"open","sticky":false,"template":"","format":"standard","meta":{"footnotes":""},"categories":[18],"tags":[],"class_list":["post-90316","post","type-post","status-publish","format-standard","has-post-thumbnail","category-politica"],"_links":{"self":[{"href":"https:\/\/jms.com.bo\/mediamonitor\/wp-json\/wp\/v2\/posts\/90316","targetHints":{"allow":["GET"]}}],"collection":[{"href":"https:\/\/jms.com.bo\/mediamonitor\/wp-json\/wp\/v2\/posts"}],"about":[{"href":"https:\/\/jms.com.bo\/mediamonitor\/wp-json\/wp\/v2\/types\/post"}],"author":[{"embeddable":true,"href":"https:\/\/jms.com.bo\/mediamonitor\/wp-json\/wp\/v2\/users\/1"}],"replies":[{"embeddable":true,"href":"https:\/\/jms.com.bo\/mediamonitor\/wp-json\/wp\/v2\/comments?post=90316"}],"version-history":[{"count":0,"href":"https:\/\/jms.com.bo\/mediamonitor\/wp-json\/wp\/v2\/posts\/90316\/revisions"}],"wp:featuredmedia":[{"embeddable":true,"href":"https:\/\/jms.com.bo\/mediamonitor\/wp-json\/wp\/v2\/media\/90317"}],"wp:attachment":[{"href":"https:\/\/jms.com.bo\/mediamonitor\/wp-json\/wp\/v2\/media?parent=90316"}],"wp:term":[{"taxonomy":"category","embeddable":true,"href":"https:\/\/jms.com.bo\/mediamonitor\/wp-json\/wp\/v2\/categories?post=90316"},{"taxonomy":"post_tag","embeddable":true,"href":"https:\/\/jms.com.bo\/mediamonitor\/wp-json\/wp\/v2\/tags?post=90316"}],"curies":[{"name":"wp","href":"https:\/\/api.w.org\/{rel}","templated":true}]}}