{"id":90318,"date":"2026-09-02T07:30:07","date_gmt":"2026-09-02T11:30:07","guid":{"rendered":"https:\/\/mediamonitorbo.com.bo\/?p=27526"},"modified":"2026-09-02T07:30:07","modified_gmt":"2026-09-02T11:30:07","slug":"oep-arranca-con-encuentro-interno-para-perfilar-un-nuevo-sistema-electoral-del-pais","status":"publish","type":"post","link":"https:\/\/jms.com.bo\/mediamonitor\/2026\/09\/02\/oep-arranca-con-encuentro-interno-para-perfilar-un-nuevo-sistema-electoral-del-pais\/","title":{"rendered":"OEP arranca con encuentro interno para perfilar un nuevo sistema electoral del pa\u00eds"},"content":{"rendered":"<p style=\"text-align: justify\">Los vocales de los nueve tribunales electorales departamentales y las principales autoridades del Tribunal Supremo Electoral (TSE) conforman el \u00d3rgano Electoral Plurinacional (OEP) y ser\u00e1n estas autoridades quienes arrancar\u00e1n con el primer encuentro de cara a las reformas de las leyes electorales del pa\u00eds, as\u00ed lo confirm\u00f3 el vocal, Carlos Alberto Goytia.<\/p>\n<p style=\"text-align: justify\">\u201cLa actividad b\u00e1sicamente gira en torno a la experiencia de los tribunales electorales departamentales en los procesos electorales del 2025 y 2026, es decir, la elecci\u00f3n general y las elecciones subnacionales y de esta forma, poder identificar elementos positivos o negativos que alimenten la generaci\u00f3n de propuestas para las leyes de R\u00e9gimen Electoral, la Ley del \u00d3rgano Electoral y tal vez en algo, la ley de Organizaciones Pol\u00edticas\u201d, relat\u00f3 la autoridad electoral.<\/p>\n<p style=\"text-align: justify\">El TSE tiene la misi\u00f3n de entregar al parlamento la reforma de las tres leyes electorales que conforman todo el sistema electoral del pa\u00eds. A partir de este encuentro se realizar\u00e1n otros con otras instituciones e ir conformando el proyecto de reformas. La reuni\u00f3n de vocales ser\u00e1 en el municipio de Tiquipaya, en el hotel Regina, desde las 09:00.<\/p>\n<p style=\"text-align: justify\">\u201cSer\u00eda un error, desde mi punto de vista, una precipitaci\u00f3n sin sentido, querer sacar de este evento una propuesta normativa. Solo como ejemplo, la Fundaci\u00f3n Jubileo que trabaja con la sociedad civil, tiene un cronograma de m\u00e1s o menos 1 a\u00f1o para generar esta propuesta normativa\u201d, grafic\u00f3 Goytia sobre las propuestas de este mi\u00e9rcoles<\/p>\n<p style=\"text-align: justify\">Goytia espera que la reuni\u00f3n sea de autocr\u00edtica franca para describir las debilidades y flaquezas que tienen como ente electoral, pues existen recomendaciones de las misiones electorales que muy pocas veces se aplic\u00f3 y en este evento se podr\u00e1 decir por qu\u00e9 no se implementaron esas recomendaciones.<\/p>\n<p style=\"text-align: justify\">Los vocales electorales tambi\u00e9n intentan debatir la independencia real de este \u00d3rgano del Estado, pero que curiosamente tiene un representante del \u00d3rgano Ejecutivo en el TSE y tambi\u00e9n en los departamentales, lo que se constituye en una abierta injerencia desde el Ejecutivo sobre el Electoral.<\/p>\n<p style=\"text-align: justify\">En el parlamento se debaten al menos media docena de propuestas de reforma electoral y en las reuniones que tuvieron con los legisladores, los vocales solicitaron demorar el tratamiento hasta la construcci\u00f3n de una propuesta que venga del propio OEP, que puede ser a finales del pr\u00f3ximo a\u00f1o.<\/p>\n","protected":false},"excerpt":{"rendered":"<p>Los vocales de los nueve tribunales electorales departamentales y las principales autoridades del Tribunal Supremo Electoral (TSE) conforman el \u00d3rgano Electoral Plurinacional (OEP) y ser\u00e1n estas autoridades quienes arrancar\u00e1n con el primer encuentro de cara a las reformas de las leyes electorales del pa\u00eds, as\u00ed lo confirm\u00f3 el vocal, Carlos Alberto Goytia. \u201cLa actividad b\u00e1sicamente [&hellip;]<\/p>\n","protected":false},"author":1,"featured_media":90319,"comment_status":"closed","ping_status":"open","sticky":false,"template":"","format":"standard","meta":{"footnotes":""},"categories":[18,48,46],"tags":[],"class_list":["post-90318","post","type-post","status-publish","format-standard","has-post-thumbnail","category-politica","category-portada-general-sitio","category-portada-politica"],"_links":{"self":[{"href":"https:\/\/jms.com.bo\/mediamonitor\/wp-json\/wp\/v2\/posts\/90318","targetHints":{"allow":["GET"]}}],"collection":[{"href":"https:\/\/jms.com.bo\/mediamonitor\/wp-json\/wp\/v2\/posts"}],"about":[{"href":"https:\/\/jms.com.bo\/mediamonitor\/wp-json\/wp\/v2\/types\/post"}],"author":[{"embeddable":true,"href":"https:\/\/jms.com.bo\/mediamonitor\/wp-json\/wp\/v2\/users\/1"}],"replies":[{"embeddable":true,"href":"https:\/\/jms.com.bo\/mediamonitor\/wp-json\/wp\/v2\/comments?post=90318"}],"version-history":[{"count":0,"href":"https:\/\/jms.com.bo\/mediamonitor\/wp-json\/wp\/v2\/posts\/90318\/revisions"}],"wp:featuredmedia":[{"embeddable":true,"href":"https:\/\/jms.com.bo\/mediamonitor\/wp-json\/wp\/v2\/media\/90319"}],"wp:attachment":[{"href":"https:\/\/jms.com.bo\/mediamonitor\/wp-json\/wp\/v2\/media?parent=90318"}],"wp:term":[{"taxonomy":"category","embeddable":true,"href":"https:\/\/jms.com.bo\/mediamonitor\/wp-json\/wp\/v2\/categories?post=90318"},{"taxonomy":"post_tag","embeddable":true,"href":"https:\/\/jms.com.bo\/mediamonitor\/wp-json\/wp\/v2\/tags?post=90318"}],"curies":[{"name":"wp","href":"https:\/\/api.w.org\/{rel}","templated":true}]}}