{"id":90320,"date":"2026-09-02T07:31:33","date_gmt":"2026-09-02T11:31:33","guid":{"rendered":"https:\/\/mediamonitorbo.com.bo\/?p=27529"},"modified":"2026-09-02T07:31:33","modified_gmt":"2026-09-02T11:31:33","slug":"economista-advierte-que-si-el-nino-es-severo-la-economia-podria-caer-hasta-en-un-5","status":"publish","type":"post","link":"https:\/\/jms.com.bo\/mediamonitor\/2026\/09\/02\/economista-advierte-que-si-el-nino-es-severo-la-economia-podria-caer-hasta-en-un-5\/","title":{"rendered":"Economista advierte que si El Ni\u00f1o es severo la econom\u00eda podr\u00eda caer hasta en un 5 %"},"content":{"rendered":"<p style=\"text-align: justify\">El economista y exministro de Desarrollo Sostenible Ramiro Cavero advirti\u00f3 que un fen\u00f3meno de El Ni\u00f1o de gran intensidad durante el periodo 2026-2027 podr\u00eda agravar la recesi\u00f3n que atraviesa Bolivia y provocar que la contracci\u00f3n de la econom\u00eda alcance hasta un 5 %.<\/p>\n<p style=\"text-align: justify\">Durante su intervenci\u00f3n en el Foro del BCP \u201cBolivia frente al Ni\u00f1o: perspectivas clim\u00e1ticas, impactos y estrategias de prevenci\u00f3n para 2026-2027\u201d, Cavero se\u00f1al\u00f3 que las proyecciones actuales sit\u00faan la ca\u00edda del producto interno bruto (PIB) en torno al 3,6 %, pero sostuvo que el evento clim\u00e1tico podr\u00eda restar entre 0,5 y 1,5 puntos porcentuales adicionales, e incluso superar ese impacto en un escenario m\u00e1s severo.<\/p>\n<p style=\"text-align: justify\">Cavero explic\u00f3 que el pa\u00eds enfrentar\u00e1 este riesgo en un contexto de elevada vulnerabilidad econ\u00f3mica, con un d\u00e9ficit fiscal cercano al 9 % del PIB, limitadas reservas l\u00edquidas, escasez de divisas y combustibles, adem\u00e1s de una dr\u00e1stica reducci\u00f3n de los ingresos provenientes de la exportaci\u00f3n de gas.<\/p>\n<p style=\"text-align: justify\">Como ejemplo del deterioro, record\u00f3 que Bolivia pas\u00f3 de exportar cerca de 6.000 millones de d\u00f3lares en gas a alrededor de 1.000 millones, mientras que las importaciones de combustibles bordean los 3.000 millones de d\u00f3lares al a\u00f1o, lo que representa un cambio estructural de aproximadamente 8.000 millones de d\u00f3lares en la balanza energ\u00e9tica.<\/p>\n<p style=\"text-align: justify\">El economista consider\u00f3 que el acuerdo alcanzado con el Fondo Monetario Internacional (FMI) por 1.900 millones de d\u00f3lares, junto con la posibilidad de acceder a financiamiento del Fondo Latinoamericano de Reservas (FLAR), el Banco Mundial y la CAF, podr\u00eda contribuir a estabilizar la econom\u00eda, fortalecer las reservas internacionales y recuperar la confianza del sistema financiero. No obstante, advirti\u00f3 que esos recursos estar\u00e1n condicionados a una reducci\u00f3n del d\u00e9ficit fiscal, por lo que plante\u00f3 impulsar medidas que permitan al sector privado asumir un mayor protagonismo en la reactivaci\u00f3n econ\u00f3mica.<\/p>\n<p style=\"text-align: justify\">Entre sus propuestas mencion\u00f3 la reducci\u00f3n del gasto corriente y de las duplicidades estatales, la revisi\u00f3n de las empresas p\u00fablicas, el pago de obligaciones pendientes con proveedores y exportadores, la recuperaci\u00f3n del cr\u00e9dito para el sector productivo y la creaci\u00f3n de mejores condiciones para atraer inversi\u00f3n extranjera.<\/p>\n<p style=\"text-align: justify\">Respecto al impacto del fen\u00f3meno clim\u00e1tico, Cavero sostuvo que es urgente fortalecer la capacidad de respuesta de gobernaciones y municipios, mejorar la difusi\u00f3n de informaci\u00f3n meteorol\u00f3gica entre productores y autoridades locales, y desarrollar mecanismos de financiamiento que permitan anticipar inversiones en sistemas de riego, almacenamiento de agua y adaptaci\u00f3n de cultivos.<\/p>\n<p style=\"text-align: justify\">Asimismo, propuso reactivar instrumentos de protecci\u00f3n financiera frente a desastres, como el Fondo para la Prevenci\u00f3n de Riesgos y Atenci\u00f3n de Desastres (Forade), con el objetivo de contar con recursos disponibles antes de que ocurran las emergencias.<\/p>\n<p style=\"text-align: justify\">\u201cEl desaf\u00edo es doble: corregir los desequilibrios estructurales de la econom\u00eda y prepararse para un fen\u00f3meno clim\u00e1tico que puede agravarlos\u201d, concluy\u00f3 Cavero, al se\u00f1alar que la prevenci\u00f3n ser\u00e1 determinante para reducir el costo econ\u00f3mico y social que podr\u00eda generar El Ni\u00f1o en el pa\u00eds.<\/p>\n","protected":false},"excerpt":{"rendered":"<p>El economista y exministro de Desarrollo Sostenible Ramiro Cavero advirti\u00f3 que un fen\u00f3meno de El Ni\u00f1o de gran intensidad durante el periodo 2026-2027 podr\u00eda agravar la recesi\u00f3n que atraviesa Bolivia y provocar que la contracci\u00f3n de la econom\u00eda alcance hasta un 5 %. Durante su intervenci\u00f3n en el Foro del BCP \u201cBolivia frente al Ni\u00f1o: [&hellip;]<\/p>\n","protected":false},"author":1,"featured_media":90321,"comment_status":"closed","ping_status":"open","sticky":false,"template":"","format":"standard","meta":{"footnotes":""},"categories":[25],"tags":[],"class_list":["post-90320","post","type-post","status-publish","format-standard","has-post-thumbnail","category-economia"],"_links":{"self":[{"href":"https:\/\/jms.com.bo\/mediamonitor\/wp-json\/wp\/v2\/posts\/90320","targetHints":{"allow":["GET"]}}],"collection":[{"href":"https:\/\/jms.com.bo\/mediamonitor\/wp-json\/wp\/v2\/posts"}],"about":[{"href":"https:\/\/jms.com.bo\/mediamonitor\/wp-json\/wp\/v2\/types\/post"}],"author":[{"embeddable":true,"href":"https:\/\/jms.com.bo\/mediamonitor\/wp-json\/wp\/v2\/users\/1"}],"replies":[{"embeddable":true,"href":"https:\/\/jms.com.bo\/mediamonitor\/wp-json\/wp\/v2\/comments?post=90320"}],"version-history":[{"count":0,"href":"https:\/\/jms.com.bo\/mediamonitor\/wp-json\/wp\/v2\/posts\/90320\/revisions"}],"wp:featuredmedia":[{"embeddable":true,"href":"https:\/\/jms.com.bo\/mediamonitor\/wp-json\/wp\/v2\/media\/90321"}],"wp:attachment":[{"href":"https:\/\/jms.com.bo\/mediamonitor\/wp-json\/wp\/v2\/media?parent=90320"}],"wp:term":[{"taxonomy":"category","embeddable":true,"href":"https:\/\/jms.com.bo\/mediamonitor\/wp-json\/wp\/v2\/categories?post=90320"},{"taxonomy":"post_tag","embeddable":true,"href":"https:\/\/jms.com.bo\/mediamonitor\/wp-json\/wp\/v2\/tags?post=90320"}],"curies":[{"name":"wp","href":"https:\/\/api.w.org\/{rel}","templated":true}]}}