{"id":90326,"date":"2026-09-02T07:34:41","date_gmt":"2026-09-02T11:34:41","guid":{"rendered":"https:\/\/mediamonitorbo.com.bo\/?p=27538"},"modified":"2026-09-02T07:34:41","modified_gmt":"2026-09-02T11:34:41","slug":"el-dolar-sube-a-bs-1226-el-valor-mas-alto-desde-el-inicio-del-regimen-cambiario-flexible","status":"publish","type":"post","link":"https:\/\/jms.com.bo\/mediamonitor\/2026\/09\/02\/el-dolar-sube-a-bs-1226-el-valor-mas-alto-desde-el-inicio-del-regimen-cambiario-flexible\/","title":{"rendered":"El d\u00f3lar sube a Bs 12,26, el valor m\u00e1s alto desde el inicio del r\u00e9gimen cambiario flexible"},"content":{"rendered":"<p style=\"text-align: justify\">El d\u00f3lar oficial sube a 12,26 bolivianos, el valor m\u00e1s alto desde la implementaci\u00f3n del r\u00e9gimen cambiario flexible del Banco Central de Bolivia (BCB).<\/p>\n<p style=\"text-align: justify\">La divisa estadounidense sube 14 centavos en comparaci\u00f3n con la jornada anterior (Bs 12,12), seg\u00fan la cotizaci\u00f3n del BCB para este mi\u00e9rcoles 2 de septiembre.<\/p>\n<p style=\"text-align: justify\">La cotizaci\u00f3n de este mi\u00e9rcoles supera la del 31 de julio, que alcanz\u00f3 su pico m\u00e1ximo con Bs 12,15 y estuvo m\u00e1s de tres semanas con tendencia a la baja hasta los Bs 11,50.<\/p>\n<p style=\"text-align: justify\">El incremento se registra luego de que el presidente del BCB, David Espinoza, declarara que el tipo de cambio se encuentra en \u00abniveles adecuados\u00bb y ratificara que el ente emisor intervendr\u00e1 en caso de \u00absobresaltos\u00bb.<\/p>\n","protected":false},"excerpt":{"rendered":"<p>El d\u00f3lar oficial sube a 12,26 bolivianos, el valor m\u00e1s alto desde la implementaci\u00f3n del r\u00e9gimen cambiario flexible del Banco Central de Bolivia (BCB). La divisa estadounidense sube 14 centavos en comparaci\u00f3n con la jornada anterior (Bs 12,12), seg\u00fan la cotizaci\u00f3n del BCB para este mi\u00e9rcoles 2 de septiembre. La cotizaci\u00f3n de este mi\u00e9rcoles supera [&hellip;]<\/p>\n","protected":false},"author":1,"featured_media":90327,"comment_status":"closed","ping_status":"open","sticky":false,"template":"","format":"standard","meta":{"footnotes":""},"categories":[25,45,48],"tags":[],"class_list":["post-90326","post","type-post","status-publish","format-standard","has-post-thumbnail","category-economia","category-portada-economia","category-portada-general-sitio"],"_links":{"self":[{"href":"https:\/\/jms.com.bo\/mediamonitor\/wp-json\/wp\/v2\/posts\/90326","targetHints":{"allow":["GET"]}}],"collection":[{"href":"https:\/\/jms.com.bo\/mediamonitor\/wp-json\/wp\/v2\/posts"}],"about":[{"href":"https:\/\/jms.com.bo\/mediamonitor\/wp-json\/wp\/v2\/types\/post"}],"author":[{"embeddable":true,"href":"https:\/\/jms.com.bo\/mediamonitor\/wp-json\/wp\/v2\/users\/1"}],"replies":[{"embeddable":true,"href":"https:\/\/jms.com.bo\/mediamonitor\/wp-json\/wp\/v2\/comments?post=90326"}],"version-history":[{"count":0,"href":"https:\/\/jms.com.bo\/mediamonitor\/wp-json\/wp\/v2\/posts\/90326\/revisions"}],"wp:featuredmedia":[{"embeddable":true,"href":"https:\/\/jms.com.bo\/mediamonitor\/wp-json\/wp\/v2\/media\/90327"}],"wp:attachment":[{"href":"https:\/\/jms.com.bo\/mediamonitor\/wp-json\/wp\/v2\/media?parent=90326"}],"wp:term":[{"taxonomy":"category","embeddable":true,"href":"https:\/\/jms.com.bo\/mediamonitor\/wp-json\/wp\/v2\/categories?post=90326"},{"taxonomy":"post_tag","embeddable":true,"href":"https:\/\/jms.com.bo\/mediamonitor\/wp-json\/wp\/v2\/tags?post=90326"}],"curies":[{"name":"wp","href":"https:\/\/api.w.org\/{rel}","templated":true}]}}