{"id":90328,"date":"2026-09-02T07:35:59","date_gmt":"2026-09-02T11:35:59","guid":{"rendered":"https:\/\/mediamonitorbo.com.bo\/?p=27541"},"modified":"2026-09-02T07:35:59","modified_gmt":"2026-09-02T11:35:59","slug":"ende-evalua-la-ejecucion-de-tres-nuevos-proyectos-eolicos-en-santa-cruz","status":"publish","type":"post","link":"https:\/\/jms.com.bo\/mediamonitor\/2026\/09\/02\/ende-evalua-la-ejecucion-de-tres-nuevos-proyectos-eolicos-en-santa-cruz\/","title":{"rendered":"ENDE eval\u00faa la ejecuci\u00f3n de tres nuevos proyectos e\u00f3licos en Santa Cruz"},"content":{"rendered":"<p style=\"text-align: justify\">Como parte del impulso al desarrollo de centrales el\u00e9ctricas de energ\u00eda renovable, la Empresa Nacional de Electricidad (ENDE) Corporaci\u00f3n, a trav\u00e9s de su filial ENDE Corani S.A., licit\u00f3 los estudios de ingenier\u00eda b\u00e1sica y ambiental para evaluar la factibilidad de tres nuevos parques e\u00f3licos en el departamento de Santa Cruz.<\/p>\n<p style=\"text-align: justify\">Seg\u00fan el reporte de la estatal, se trata de los parques e\u00f3licos Cabezas I, El Dorado II y La Guardia I, los dos primeros ubicados en el municipio de Cabezas y el tercero instalado en el municipio del mismo nombre.<\/p>\n<p style=\"text-align: justify\">\u201cDesde 2010, ENDE Corani S.A. ha consolidado una importante experiencia en el desarrollo de las diferentes fases de proyectos de generaci\u00f3n e\u00f3lica, entre los que destacan: Qollpana I, Qollpana II, Warnes I, San Juli\u00e1n, El Dorado I y Warnes II. Esta trayectoria nos permite asumir, con personal t\u00e9cnico especializado, la elaboraci\u00f3n del c\u00e1lculo energ\u00e9tico de estos tres nuevos proyectos, como parte de los estudios para determinar su viabilidad\u201d, explic\u00f3 el gerente general de esta empresa estatal, Jorge M\u00e9ndez.<\/p>\n<p style=\"text-align: justify\">Las capacidades t\u00e9cnicas desarrolladas durante m\u00e1s de 15 a\u00f1os de experiencia en generaci\u00f3n e\u00f3lica en Bolivia permitir\u00e1n optimizar tiempos y costos en la elaboraci\u00f3n del c\u00e1lculo energ\u00e9tico, y fortalecer la precisi\u00f3n de las evaluaciones necesarias para la planificaci\u00f3n de los nuevos proyectos.<\/p>\n<p style=\"text-align: justify\">ENDE Corani S.A. opera hace aproximadamente cuatro a\u00f1os una red de 12 torres certificadas de medici\u00f3n del recurso e\u00f3lico en diferentes zonas de Santa Cruz. Los datos registrados a 120 metros de altura constituyen un insumo t\u00e9cnico fundamental para caracterizar el viento, estimar el potencial de generaci\u00f3n y sustentar el dise\u00f1o y la factibilidad t\u00e9cnica y econ\u00f3mica de los futuros parques.<\/p>\n<p style=\"text-align: justify\">\u201cLos datos registrados a 120 metros de altura durante estos a\u00f1os de medici\u00f3n, nos permitir\u00e1n contar con informaci\u00f3n confiable y de calidad para desarrollar los estudios de los proyectos Cabezas I y El Dorado II, ambos ubicados en el municipio de Cabezas, as\u00ed como del Parque E\u00f3lico La Guardia I, ubicado en el municipio del mismo nombre\u201d, explic\u00f3 M\u00e9ndez.<\/p>\n<p style=\"text-align: justify\">Con el impulso de estos proyectos, ENDE Corporaci\u00f3n fortalece la expansi\u00f3n de la generaci\u00f3n e\u00f3lica en Bolivia, avanzando en la incorporaci\u00f3n de nuevas fuentes de energ\u00eda renovable a la matriz energ\u00e9tica nacional y contribuyendo a un suministro el\u00e9ctrico sostenible y confiable para el Sistema Interconectado Nacional, afirm\u00f3 la estatal.<\/p>\n","protected":false},"excerpt":{"rendered":"<p>Como parte del impulso al desarrollo de centrales el\u00e9ctricas de energ\u00eda renovable, la Empresa Nacional de Electricidad (ENDE) Corporaci\u00f3n, a trav\u00e9s de su filial ENDE Corani S.A., licit\u00f3 los estudios de ingenier\u00eda b\u00e1sica y ambiental para evaluar la factibilidad de tres nuevos parques e\u00f3licos en el departamento de Santa Cruz. Seg\u00fan el reporte de la [&hellip;]<\/p>\n","protected":false},"author":1,"featured_media":90329,"comment_status":"closed","ping_status":"open","sticky":false,"template":"","format":"standard","meta":{"footnotes":""},"categories":[39,44,48],"tags":[],"class_list":["post-90328","post","type-post","status-publish","format-standard","has-post-thumbnail","category-energia","category-portada-energia","category-portada-general-sitio"],"_links":{"self":[{"href":"https:\/\/jms.com.bo\/mediamonitor\/wp-json\/wp\/v2\/posts\/90328","targetHints":{"allow":["GET"]}}],"collection":[{"href":"https:\/\/jms.com.bo\/mediamonitor\/wp-json\/wp\/v2\/posts"}],"about":[{"href":"https:\/\/jms.com.bo\/mediamonitor\/wp-json\/wp\/v2\/types\/post"}],"author":[{"embeddable":true,"href":"https:\/\/jms.com.bo\/mediamonitor\/wp-json\/wp\/v2\/users\/1"}],"replies":[{"embeddable":true,"href":"https:\/\/jms.com.bo\/mediamonitor\/wp-json\/wp\/v2\/comments?post=90328"}],"version-history":[{"count":0,"href":"https:\/\/jms.com.bo\/mediamonitor\/wp-json\/wp\/v2\/posts\/90328\/revisions"}],"wp:featuredmedia":[{"embeddable":true,"href":"https:\/\/jms.com.bo\/mediamonitor\/wp-json\/wp\/v2\/media\/90329"}],"wp:attachment":[{"href":"https:\/\/jms.com.bo\/mediamonitor\/wp-json\/wp\/v2\/media?parent=90328"}],"wp:term":[{"taxonomy":"category","embeddable":true,"href":"https:\/\/jms.com.bo\/mediamonitor\/wp-json\/wp\/v2\/categories?post=90328"},{"taxonomy":"post_tag","embeddable":true,"href":"https:\/\/jms.com.bo\/mediamonitor\/wp-json\/wp\/v2\/tags?post=90328"}],"curies":[{"name":"wp","href":"https:\/\/api.w.org\/{rel}","templated":true}]}}