{"id":90330,"date":"2026-09-02T07:37:09","date_gmt":"2026-09-02T11:37:09","guid":{"rendered":"https:\/\/mediamonitorbo.com.bo\/?p=27544"},"modified":"2026-09-02T07:37:09","modified_gmt":"2026-09-02T11:37:09","slug":"asumieron-tres-nuevos-viceministros-del-area-de-hidrocarburos-y-energias","status":"publish","type":"post","link":"https:\/\/jms.com.bo\/mediamonitor\/2026\/09\/02\/asumieron-tres-nuevos-viceministros-del-area-de-hidrocarburos-y-energias\/","title":{"rendered":"Asumieron tres nuevos viceministros del \u00e1rea de hidrocarburos y energ\u00edas"},"content":{"rendered":"<p style=\"text-align: justify\">Este martes asumieron tres nuevas autoridades en el Ministerio de Hidrocarburos y Energ\u00edas. Las designaciones fueron establecidas mediante resoluciones supremas firmadas por el presidente Rodrigo Paz el 26 de agosto de 2026.<\/p>\n<p style=\"text-align: justify\">Tatiana Genuzio Patzi qued\u00f3 al frente del Viceministerio de Hidrocarburos, instancia encargada de la gesti\u00f3n de las pol\u00edticas relacionadas con la exploraci\u00f3n, producci\u00f3n y comercializaci\u00f3n del sector. Por su parte Jos\u00e9 Eduardo Ustariz M\u00e1rquez asumi\u00f3 el Viceministerio de Planificaci\u00f3n y Desarrollo Energ\u00e9tico, desde donde tendr\u00e1 la responsabilidad de coordinar la planificaci\u00f3n estrat\u00e9gica de la matriz energ\u00e9tica nacional.<\/p>\n<p style=\"text-align: justify\">El tercer nombramiento recay\u00f3 en Luis Eduardo Osorio Calder\u00f3n, quien pas\u00f3 a dirigir el Viceministerio de Recursos Evapor\u00edticos y Tecnolog\u00edas Energ\u00e9ticas Emergentes; esta designaci\u00f3n supone un cambio respecto a sus anteriores funciones como viceministro de Energ\u00edas Alternativas, ampliando ahora su \u00e1mbito de acci\u00f3n hacia el desarrollo de proyectos vinculados al litio y otras tecnolog\u00edas del sector.<\/p>\n<p style=\"text-align: justify\">Con la posesi\u00f3n de las tres autoridades, el Ministerio de Hidrocarburos completa una nueva conformaci\u00f3n de su equipo de conducci\u00f3n para encarar la ejecuci\u00f3n de las pol\u00edticas previstas en cada uno de estos sectores especializados.<\/p>\n","protected":false},"excerpt":{"rendered":"<p>Este martes asumieron tres nuevas autoridades en el Ministerio de Hidrocarburos y Energ\u00edas. Las designaciones fueron establecidas mediante resoluciones supremas firmadas por el presidente Rodrigo Paz el 26 de agosto de 2026. Tatiana Genuzio Patzi qued\u00f3 al frente del Viceministerio de Hidrocarburos, instancia encargada de la gesti\u00f3n de las pol\u00edticas relacionadas con la exploraci\u00f3n, producci\u00f3n [&hellip;]<\/p>\n","protected":false},"author":1,"featured_media":90331,"comment_status":"closed","ping_status":"open","sticky":false,"template":"","format":"standard","meta":{"footnotes":""},"categories":[40,23],"tags":[],"class_list":["post-90330","post","type-post","status-publish","format-standard","has-post-thumbnail","category-bolivia","category-hidrocarburos"],"_links":{"self":[{"href":"https:\/\/jms.com.bo\/mediamonitor\/wp-json\/wp\/v2\/posts\/90330","targetHints":{"allow":["GET"]}}],"collection":[{"href":"https:\/\/jms.com.bo\/mediamonitor\/wp-json\/wp\/v2\/posts"}],"about":[{"href":"https:\/\/jms.com.bo\/mediamonitor\/wp-json\/wp\/v2\/types\/post"}],"author":[{"embeddable":true,"href":"https:\/\/jms.com.bo\/mediamonitor\/wp-json\/wp\/v2\/users\/1"}],"replies":[{"embeddable":true,"href":"https:\/\/jms.com.bo\/mediamonitor\/wp-json\/wp\/v2\/comments?post=90330"}],"version-history":[{"count":0,"href":"https:\/\/jms.com.bo\/mediamonitor\/wp-json\/wp\/v2\/posts\/90330\/revisions"}],"wp:featuredmedia":[{"embeddable":true,"href":"https:\/\/jms.com.bo\/mediamonitor\/wp-json\/wp\/v2\/media\/90331"}],"wp:attachment":[{"href":"https:\/\/jms.com.bo\/mediamonitor\/wp-json\/wp\/v2\/media?parent=90330"}],"wp:term":[{"taxonomy":"category","embeddable":true,"href":"https:\/\/jms.com.bo\/mediamonitor\/wp-json\/wp\/v2\/categories?post=90330"},{"taxonomy":"post_tag","embeddable":true,"href":"https:\/\/jms.com.bo\/mediamonitor\/wp-json\/wp\/v2\/tags?post=90330"}],"curies":[{"name":"wp","href":"https:\/\/api.w.org\/{rel}","templated":true}]}}