{"id":90332,"date":"2026-09-02T07:38:44","date_gmt":"2026-09-02T11:38:44","guid":{"rendered":"https:\/\/mediamonitorbo.com.bo\/?p=27547"},"modified":"2026-09-02T07:38:44","modified_gmt":"2026-09-02T11:38:44","slug":"prohiben-cargar-combustible-en-tanques-adicionales-de-vehiculos","status":"publish","type":"post","link":"https:\/\/jms.com.bo\/mediamonitor\/2026\/09\/02\/prohiben-cargar-combustible-en-tanques-adicionales-de-vehiculos\/","title":{"rendered":"Proh\u00edben cargar combustible en tanques adicionales de veh\u00edculos"},"content":{"rendered":"<p style=\"text-align: justify\">La Agencia Nacional de Hidrocarburos (ANH) inform\u00f3 este martes a todas las estaciones de servicio del pa\u00eds que est\u00e1 estrictamente prohibida la comercializaci\u00f3n y carga de combustible l\u00edquido en tanques de reserva o adicionados en veh\u00edculos automotores.<\/p>\n<p style=\"text-align: justify\">La determinaci\u00f3n se respalda en el Decreto Supremo N\u00b0 29753, que define como tanque adicionado a cualquier dep\u00f3sito incorporado de manera fija o desmontable con posterioridad a la fabricaci\u00f3n del veh\u00edculo.<\/p>\n<p style=\"text-align: justify\">La norma no solo proh\u00edbe el suministro de carburantes a estos dep\u00f3sitos en los surtidores, sino tambi\u00e9n la circulaci\u00f3n de automotores con placas nacionales que hayan modificado su estructura para ampliar su capacidad de almacenamiento.<\/p>\n<p style=\"text-align: justify\">Combustible<br \/>\nRevise tambi\u00e9n: Combustibles importados cierran mes de agosto al alza<\/p>\n<p style=\"text-align: justify\">Desde el ente regulador exhortaron a los operadores de estaciones de servicio a dar un cumplimiento riguroso a estas restricciones. Asimismo, advirtieron que los establecimientos o conductores que infrinjan la disposici\u00f3n se exponen a sanciones estipuladas en el Art\u00edculo 6\u00b0, par\u00e1grafo VI de dicho decreto.<\/p>\n<p style=\"text-align: justify\">Con esta medida se busca reforzar el control sobre la distribuci\u00f3n de carburantes en el pa\u00eds, evitando la acumulaci\u00f3n desmedida y el desv\u00edo irregular de gasolina y di\u00e9sel a trav\u00e9s de modificaciones no autorizadas en los motorizados.<\/p>\n","protected":false},"excerpt":{"rendered":"<p>La Agencia Nacional de Hidrocarburos (ANH) inform\u00f3 este martes a todas las estaciones de servicio del pa\u00eds que est\u00e1 estrictamente prohibida la comercializaci\u00f3n y carga de combustible l\u00edquido en tanques de reserva o adicionados en veh\u00edculos automotores. La determinaci\u00f3n se respalda en el Decreto Supremo N\u00b0 29753, que define como tanque adicionado a cualquier dep\u00f3sito [&hellip;]<\/p>\n","protected":false},"author":1,"featured_media":90333,"comment_status":"closed","ping_status":"open","sticky":false,"template":"","format":"standard","meta":{"footnotes":""},"categories":[40,23],"tags":[],"class_list":["post-90332","post","type-post","status-publish","format-standard","has-post-thumbnail","category-bolivia","category-hidrocarburos"],"_links":{"self":[{"href":"https:\/\/jms.com.bo\/mediamonitor\/wp-json\/wp\/v2\/posts\/90332","targetHints":{"allow":["GET"]}}],"collection":[{"href":"https:\/\/jms.com.bo\/mediamonitor\/wp-json\/wp\/v2\/posts"}],"about":[{"href":"https:\/\/jms.com.bo\/mediamonitor\/wp-json\/wp\/v2\/types\/post"}],"author":[{"embeddable":true,"href":"https:\/\/jms.com.bo\/mediamonitor\/wp-json\/wp\/v2\/users\/1"}],"replies":[{"embeddable":true,"href":"https:\/\/jms.com.bo\/mediamonitor\/wp-json\/wp\/v2\/comments?post=90332"}],"version-history":[{"count":0,"href":"https:\/\/jms.com.bo\/mediamonitor\/wp-json\/wp\/v2\/posts\/90332\/revisions"}],"wp:featuredmedia":[{"embeddable":true,"href":"https:\/\/jms.com.bo\/mediamonitor\/wp-json\/wp\/v2\/media\/90333"}],"wp:attachment":[{"href":"https:\/\/jms.com.bo\/mediamonitor\/wp-json\/wp\/v2\/media?parent=90332"}],"wp:term":[{"taxonomy":"category","embeddable":true,"href":"https:\/\/jms.com.bo\/mediamonitor\/wp-json\/wp\/v2\/categories?post=90332"},{"taxonomy":"post_tag","embeddable":true,"href":"https:\/\/jms.com.bo\/mediamonitor\/wp-json\/wp\/v2\/tags?post=90332"}],"curies":[{"name":"wp","href":"https:\/\/api.w.org\/{rel}","templated":true}]}}