{"id":90338,"date":"2026-09-03T07:14:53","date_gmt":"2026-09-03T11:14:53","guid":{"rendered":"https:\/\/mediamonitorbo.com.bo\/?p=27563"},"modified":"2026-09-03T07:14:53","modified_gmt":"2026-09-03T11:14:53","slug":"oncologico-obras-estan-paralizadas-hace-dos-meses","status":"publish","type":"post","link":"https:\/\/jms.com.bo\/mediamonitor\/2026\/09\/03\/oncologico-obras-estan-paralizadas-hace-dos-meses\/","title":{"rendered":"Oncol\u00f3gico: Obras est\u00e1n paralizadas hace dos meses"},"content":{"rendered":"<p style=\"text-align: justify\">El secretario departamental de Obras P\u00fablicas, Hugo Alexander Vladislavic, inform\u00f3 este mi\u00e9rcoles que las obras del Hospital Oncol\u00f3gico llevan paralizadas desde hace dos meses por ajustes t\u00e9cnicos y financieros al proyecto, lo que retrasar\u00e1 la fecha prevista para la entrega del 31 de diciembre hasta, al menos, febrero de 2027.<\/p>\n<p style=\"text-align: justify\">Apunt\u00f3 que el Gobierno Aut\u00f3nomo Departamental de Tarija (GADT) garantiz\u00f3 los recursos para la obra.<\/p>\n<p style=\"text-align: justify\">Retraso<\/p>\n<p style=\"text-align: justify\">La autoridad se\u00f1al\u00f3 que las obras se paralizaron en junio, debido a que est\u00e1 pendiente que el Ministerio de Salud entregue las especificaciones t\u00e9cnicas del acelerador lineal que se va a instalar. Con esa informaci\u00f3n reci\u00e9n se podr\u00e1 dimensionar el tama\u00f1o del b\u00fanker y construirlo.<\/p>\n<p style=\"text-align: justify\">\u201cEso es una competencia que tiene el gobierno central, a trav\u00e9s del Ministerio de Salud. Ya hemos solicitado, como Gobernaci\u00f3n, que se pueda definir. Se ha manifestado de manera escrita y verbal, en reuniones en La Paz y en Tarija. Nos han manifestado el compromiso de poder definir (\u2026) La fecha no la tenemos todav\u00eda\u201d, refiri\u00f3.<\/p>\n<p style=\"text-align: justify\">Vladislavic explic\u00f3 que la obra del b\u00fanker requiere un plazo de seis meses, deb\u00eda iniciar en julio para que concluya a fin de a\u00f1o. Sin embargo, la paralizaci\u00f3n de obras significa que la entrega se retrasar\u00e1, al menos dos meses.<\/p>\n<p style=\"text-align: justify\">\u201cEn la medida que se retrase la definici\u00f3n del acelerador lineal, la obra se va a retrasar (\u2026) Este tiempo se va a poder compensar legalmente. El problema es la afectaci\u00f3n de que no se concluya la obra. La poblaci\u00f3n tarije\u00f1a quiere la obra, que funcione. El Hospital Oncol\u00f3gico es un tema muy sensible, es una obra anhelada hace 10 a\u00f1os\u201d, a\u00f1adi\u00f3.<\/p>\n<p style=\"text-align: justify\">El secretario apunt\u00f3 que en este retraso tambi\u00e9n influye la burocracia y que habr\u00eda \u201cun peloteo\u201d entre el Ministerio de Salud y la Agencia de Infraestructura en Salud y Equipamiento M\u00e9dico (AISEM).<\/p>\n<p style=\"text-align: justify\">\u201cLa AISEM por Ley est\u00e1 obligada a tratar el equipamiento, pero ah\u00ed dicen que es (competencia de) el Ministerio de Salud. Entendemos que la situaci\u00f3n del pa\u00eds es cr\u00edtica por los problemas econ\u00f3micos, pero necesitamos que se pueda definir esto\u201d.<\/p>\n<p style=\"text-align: justify\">Vladislavic agreg\u00f3 que los recursos para la infraestructura est\u00e1n garantizados, los mismos provienen de un cr\u00e9dito tomado por el Ejecutivo Departamental. Por otra parte, el equipamiento corresponde a un compromiso del gobierno nacional y se estima que pueda constar de 70 a 80 millones de bolivianos.<\/p>\n<p style=\"text-align: justify\">Hasta el momento la ejecuci\u00f3n de la obra est\u00e1 en un 70%, la construcci\u00f3n del b\u00fanker significa un 25% y lo restante corresponde a trabajos menores, como la pintura. Por otra parte, la ejecuci\u00f3n presupuestaria es un poco mayor debido a que existe un adelanto.<\/p>\n","protected":false},"excerpt":{"rendered":"<p>El secretario departamental de Obras P\u00fablicas, Hugo Alexander Vladislavic, inform\u00f3 este mi\u00e9rcoles que las obras del Hospital Oncol\u00f3gico llevan paralizadas desde hace dos meses por ajustes t\u00e9cnicos y financieros al proyecto, lo que retrasar\u00e1 la fecha prevista para la entrega del 31 de diciembre hasta, al menos, febrero de 2027. Apunt\u00f3 que el Gobierno Aut\u00f3nomo [&hellip;]<\/p>\n","protected":false},"author":1,"featured_media":90339,"comment_status":"closed","ping_status":"open","sticky":false,"template":"","format":"standard","meta":{"footnotes":""},"categories":[53],"tags":[],"class_list":["post-90338","post","type-post","status-publish","format-standard","has-post-thumbnail","category-salud"],"_links":{"self":[{"href":"https:\/\/jms.com.bo\/mediamonitor\/wp-json\/wp\/v2\/posts\/90338","targetHints":{"allow":["GET"]}}],"collection":[{"href":"https:\/\/jms.com.bo\/mediamonitor\/wp-json\/wp\/v2\/posts"}],"about":[{"href":"https:\/\/jms.com.bo\/mediamonitor\/wp-json\/wp\/v2\/types\/post"}],"author":[{"embeddable":true,"href":"https:\/\/jms.com.bo\/mediamonitor\/wp-json\/wp\/v2\/users\/1"}],"replies":[{"embeddable":true,"href":"https:\/\/jms.com.bo\/mediamonitor\/wp-json\/wp\/v2\/comments?post=90338"}],"version-history":[{"count":0,"href":"https:\/\/jms.com.bo\/mediamonitor\/wp-json\/wp\/v2\/posts\/90338\/revisions"}],"wp:featuredmedia":[{"embeddable":true,"href":"https:\/\/jms.com.bo\/mediamonitor\/wp-json\/wp\/v2\/media\/90339"}],"wp:attachment":[{"href":"https:\/\/jms.com.bo\/mediamonitor\/wp-json\/wp\/v2\/media?parent=90338"}],"wp:term":[{"taxonomy":"category","embeddable":true,"href":"https:\/\/jms.com.bo\/mediamonitor\/wp-json\/wp\/v2\/categories?post=90338"},{"taxonomy":"post_tag","embeddable":true,"href":"https:\/\/jms.com.bo\/mediamonitor\/wp-json\/wp\/v2\/tags?post=90338"}],"curies":[{"name":"wp","href":"https:\/\/api.w.org\/{rel}","templated":true}]}}